{"id":6739,"date":"2021-06-09T08:30:20","date_gmt":"2021-06-09T06:30:20","guid":{"rendered":"https:\/\/www.tacoandco.fr\/?p=6739"},"modified":"2021-06-09T08:30:20","modified_gmt":"2021-06-09T06:30:20","slug":"rendez-vous-le-26-juin-pour-louverture-de-luma-arles","status":"publish","type":"post","link":"https:\/\/www.tacoandco.fr\/en\/blog\/2021\/06\/09\/rendez-vous-le-26-juin-pour-louverture-de-luma-arles\/","title":{"rendered":"Rendez-vous le 26 juin pour l&rsquo;ouverture de Luma Arles !"},"content":{"rendered":"<p>L&rsquo;heure est \u00e0 l&rsquo;inauguration: la pi\u00e8ce ma\u00eetresse de Luma Arles, La Tour,\u00a0con\u00e7ue par l&rsquo;architecte canadien Frank Gehry vous ouvre ses portes le 26 juin 2021<strong>.<\/strong><\/p>\n\n\n\n<p>En 2004, la Fondation Luma a \u00e9t\u00e9 cr\u00e9\u00e9e par Maja Hoffmann en Suisse.\u00a0Consid\u00e9r\u00e9e comme un outil de production pour les multiples initiatives, la Fondation Luma produit, soutient et finance des projets artistiques audacieux qui visent \u00e0 approfondir la compr\u00e9hension des questions li\u00e9es \u00e0 l\u2019environnement, aux droits humains, \u00e0 l\u2019\u00e9ducation et \u00e0 la culture.<\/p>\n\n\n\n<p>Chaque \u00e9t\u00e9, le festival international de photographie <a href=\"https:\/\/www.rencontres-arles.com\/\">Les Rencontres d&rsquo;Arles<\/a>\u00a0et le festival de musiques du monde <a href=\"https:\/\/www.suds-arles.com\/fr\/2021\" title=\"https:\/\/www.suds-arles.com\/fr\/2021\">Les Suds<\/a> sont invit\u00e9s \u00e0 rejoindre le programme pr\u00e9sent\u00e9 aux Parc des Ateliers de Luma.<\/p>\n\n\n\n<p>Plus d&rsquo;informations sur le site <a href=\"https:\/\/www.luma-arles.org\/luma\/home.html\">Luma Arles<\/a><\/p>\n\n\n\n<figure class=\"wp-block-image size-large\"><a href=\"https:\/\/www.tacoandco.fr\/wp-content\/uploads\/2021\/06\/Luma-Juin-2021-2-1.jpeg\"><img fetchpriority=\"high\" decoding=\"async\" width=\"768\" height=\"1024\" src=\"https:\/\/www.tacoandco.fr\/wp-content\/uploads\/2021\/06\/Luma-Juin-2021-2-1.jpeg\" alt=\"\" class=\"wp-image-6756\" srcset=\"https:\/\/www.tacoandco.fr\/wp-content\/uploads\/2021\/06\/Luma-Juin-2021-2-1.jpeg 768w, https:\/\/www.tacoandco.fr\/wp-content\/uploads\/2021\/06\/Luma-Juin-2021-2-1-225x300.jpeg 225w, https:\/\/www.tacoandco.fr\/wp-content\/uploads\/2021\/06\/Luma-Juin-2021-2-1-9x12.jpeg 9w\" sizes=\"(max-width: 768px) 100vw, 768px\" \/><\/a><\/figure>","protected":false},"excerpt":{"rendered":"<p>L&rsquo;heure est \u00e0 l&rsquo;inauguration: la pi\u00e8ce ma\u00eetresse de Luma Arles, La Tour,\u00a0con\u00e7ue par l&rsquo;architecte canadien Frank Gehry vous ouvre ses portes le 26 juin 2021. En 2004, la Fondation Luma a \u00e9t\u00e9 cr\u00e9\u00e9e par Maja Hoffmann en Suisse.\u00a0Consid\u00e9r\u00e9e comme un outil de production pour les multiples initiatives, la Fondation Luma produit, soutient et finance des [&hellip;]<\/p>","protected":false},"author":2,"featured_media":6757,"comment_status":"closed","ping_status":"closed","sticky":false,"template":"","format":"standard","meta":{"footnotes":""},"categories":[3],"tags":[],"class_list":["post-6739","post","type-post","status-publish","format-standard","has-post-thumbnail","hentry","category-actualites","entry","has-media"],"aioseo_notices":[],"_links":{"self":[{"href":"https:\/\/www.tacoandco.fr\/en\/wp-json\/wp\/v2\/posts\/6739","targetHints":{"allow":["GET"]}}],"collection":[{"href":"https:\/\/www.tacoandco.fr\/en\/wp-json\/wp\/v2\/posts"}],"about":[{"href":"https:\/\/www.tacoandco.fr\/en\/wp-json\/wp\/v2\/types\/post"}],"author":[{"embeddable":true,"href":"https:\/\/www.tacoandco.fr\/en\/wp-json\/wp\/v2\/users\/2"}],"replies":[{"embeddable":true,"href":"https:\/\/www.tacoandco.fr\/en\/wp-json\/wp\/v2\/comments?post=6739"}],"version-history":[{"count":1,"href":"https:\/\/www.tacoandco.fr\/en\/wp-json\/wp\/v2\/posts\/6739\/revisions"}],"predecessor-version":[{"id":6758,"href":"https:\/\/www.tacoandco.fr\/en\/wp-json\/wp\/v2\/posts\/6739\/revisions\/6758"}],"wp:featuredmedia":[{"embeddable":true,"href":"https:\/\/www.tacoandco.fr\/en\/wp-json\/wp\/v2\/media\/6757"}],"wp:attachment":[{"href":"https:\/\/www.tacoandco.fr\/en\/wp-json\/wp\/v2\/media?parent=6739"}],"wp:term":[{"taxonomy":"category","embeddable":true,"href":"https:\/\/www.tacoandco.fr\/en\/wp-json\/wp\/v2\/categories?post=6739"},{"taxonomy":"post_tag","embeddable":true,"href":"https:\/\/www.tacoandco.fr\/en\/wp-json\/wp\/v2\/tags?post=6739"}],"curies":[{"name":"wp","href":"https:\/\/api.w.org\/{rel}","templated":true}]}}