{"id":6745,"date":"2021-06-09T08:08:07","date_gmt":"2021-06-09T06:08:07","guid":{"rendered":"https:\/\/www.tacoandco.fr\/?p=6745"},"modified":"2021-06-09T09:05:04","modified_gmt":"2021-06-09T07:05:04","slug":"une-exposition-a-ne-pas-manquer-au-musee-reattu-darles","status":"publish","type":"post","link":"https:\/\/www.tacoandco.fr\/en\/blog\/2021\/06\/09\/une-exposition-a-ne-pas-manquer-au-musee-reattu-darles\/","title":{"rendered":"Une exposition \u00e0 ne pas manquer au Mus\u00e9e R\u00e9attu d&rsquo;Arles"},"content":{"rendered":"<p>A l&rsquo;heure o\u00f9 la culture se r\u00e9veille, le Mus\u00e9e R\u00e9attu vous propose une exposition in\u00e9dite de l&rsquo;oeuvre de Graziano Arici, n\u00e9 \u00e0 Venise en 1949 et install\u00e9 \u00e0 Arles depuis 2012.<\/p>\n\n\n\n<p>L&rsquo;artiste nous offre des oeuvres d\u2019une tr\u00e8s haute qualit\u00e9 esth\u00e9tique et technique, charg\u00e9es d\u2019\u00e9motions.<\/p>\n\n\n\n<p>L\u2019exposition intitul\u00e9e Now is the Winter of our Discontent, \u00ab Voici l\u2019hiver de notre col\u00e8re \u00bb, (premi\u00e8re phrase du monologue du&nbsp;<em>Richard III<\/em>&nbsp;de Shakespeare, Acte I, sc\u00e8ne 1), pr\u00e9sente en une s\u00e9lection de plus de 400 images appartenant \u00e0 9 s\u00e9ries, r\u00e9alis\u00e9es entre 1979 et 2020.<\/p>\n\n\n\n<p>Rendez-vous du 12 juin au 03 octobre 2021 au Mus\u00e9e R\u00e9attu d&rsquo;Arles.<\/p>\n\n\n\n<p>Plus d&rsquo;informations sur le site du <a href=\"http:\/\/www.museereattu.arles.fr\/\">Mus\u00e9e R\u00e9attu Arles<\/a>.<\/p>\n\n\n\n<figure class=\"wp-block-image size-large\"><a href=\"https:\/\/www.tacoandco.fr\/wp-content\/uploads\/2021\/06\/Dorothea-Lange-1895-1965-Migrante-me\u0300re-de-famille-Nipomo-Californie-1937-tirage-argentique-moderne-a\u0300-partir-du-ne\u0301gatif-original-c.-1990-don-Sam-Stourdze\u0301-\u00a9-The-Doroth-1.jpg\"><img fetchpriority=\"high\" decoding=\"async\" width=\"529\" height=\"700\" src=\"https:\/\/www.tacoandco.fr\/wp-content\/uploads\/2021\/06\/Dorothea-Lange-1895-1965-Migrante-me\u0300re-de-famille-Nipomo-Californie-1937-tirage-argentique-moderne-a\u0300-partir-du-ne\u0301gatif-original-c.-1990-don-Sam-Stourdze\u0301-\u00a9-The-Doroth-1.jpg\" alt=\"\" class=\"wp-image-6748\" srcset=\"https:\/\/www.tacoandco.fr\/wp-content\/uploads\/2021\/06\/Dorothea-Lange-1895-1965-Migrante-me\u0300re-de-famille-Nipomo-Californie-1937-tirage-argentique-moderne-a\u0300-partir-du-ne\u0301gatif-original-c.-1990-don-Sam-Stourdze\u0301-\u00a9-The-Doroth-1.jpg 529w, https:\/\/www.tacoandco.fr\/wp-content\/uploads\/2021\/06\/Dorothea-Lange-1895-1965-Migrante-me\u0300re-de-famille-Nipomo-Californie-1937-tirage-argentique-moderne-a\u0300-partir-du-ne\u0301gatif-original-c.-1990-don-Sam-Stourdze\u0301-\u00a9-The-Doroth-1-227x300.jpg 227w, https:\/\/www.tacoandco.fr\/wp-content\/uploads\/2021\/06\/Dorothea-Lange-1895-1965-Migrante-me\u0300re-de-famille-Nipomo-Californie-1937-tirage-argentique-moderne-a\u0300-partir-du-ne\u0301gatif-original-c.-1990-don-Sam-Stourdze\u0301-\u00a9-The-Doroth-1-9x12.jpg 9w\" sizes=\"(max-width: 529px) 100vw, 529px\" \/><\/a><figcaption>Dorothea Lange (1895-1965), Migrante m\u00e8re de famille, Nipomo, Californie, 1937, tirage argentique moderne \u00e0 partir du n\u00e9gatif original, c. 1990, don Sam Stourdz\u00e9 \u00a9 The Dorothea Lange<\/figcaption><\/figure>\n\n\n\n<figure class=\"wp-block-image size-large\"><a href=\"https:\/\/www.tacoandco.fr\/wp-content\/uploads\/2021\/06\/Se\u0301rie-Le-Grand-Tour-Rome-2019-appareil-photographique-nume\u0301rique-\u00a9-Graziano-Arici__.jpg\"><img decoding=\"async\" width=\"700\" height=\"700\" src=\"https:\/\/www.tacoandco.fr\/wp-content\/uploads\/2021\/06\/Se\u0301rie-Le-Grand-Tour-Rome-2019-appareil-photographique-nume\u0301rique-\u00a9-Graziano-Arici__.jpg\" alt=\"\" class=\"wp-image-6749\" srcset=\"https:\/\/www.tacoandco.fr\/wp-content\/uploads\/2021\/06\/Se\u0301rie-Le-Grand-Tour-Rome-2019-appareil-photographique-nume\u0301rique-\u00a9-Graziano-Arici__.jpg 700w, https:\/\/www.tacoandco.fr\/wp-content\/uploads\/2021\/06\/Se\u0301rie-Le-Grand-Tour-Rome-2019-appareil-photographique-nume\u0301rique-\u00a9-Graziano-Arici__-300x300.jpg 300w, https:\/\/www.tacoandco.fr\/wp-content\/uploads\/2021\/06\/Se\u0301rie-Le-Grand-Tour-Rome-2019-appareil-photographique-nume\u0301rique-\u00a9-Graziano-Arici__-150x150.jpg 150w, https:\/\/www.tacoandco.fr\/wp-content\/uploads\/2021\/06\/Se\u0301rie-Le-Grand-Tour-Rome-2019-appareil-photographique-nume\u0301rique-\u00a9-Graziano-Arici__-12x12.jpg 12w\" sizes=\"(max-width: 700px) 100vw, 700px\" \/><\/a><figcaption>S\u00e9rie Le Grand Tour, Rome, 2019, appareil photographique num\u00e9rique \u00a9 Graziano Arici<\/figcaption><\/figure>","protected":false},"excerpt":{"rendered":"<p>A l&rsquo;heure o\u00f9 la culture se r\u00e9veille, le Mus\u00e9e R\u00e9attu vous propose une exposition in\u00e9dite de l&rsquo;oeuvre de Graziano Arici, n\u00e9 \u00e0 Venise en 1949 et install\u00e9 \u00e0 Arles depuis 2012. L&rsquo;artiste nous offre des oeuvres d\u2019une tr\u00e8s haute qualit\u00e9 esth\u00e9tique et technique, charg\u00e9es d\u2019\u00e9motions. L\u2019exposition intitul\u00e9e Now is the Winter of our Discontent, \u00ab [&hellip;]<\/p>","protected":false},"author":2,"featured_media":6747,"comment_status":"closed","ping_status":"closed","sticky":false,"template":"","format":"standard","meta":{"footnotes":""},"categories":[3],"tags":[],"class_list":["post-6745","post","type-post","status-publish","format-standard","has-post-thumbnail","hentry","category-actualites","entry","has-media"],"aioseo_notices":[],"_links":{"self":[{"href":"https:\/\/www.tacoandco.fr\/en\/wp-json\/wp\/v2\/posts\/6745","targetHints":{"allow":["GET"]}}],"collection":[{"href":"https:\/\/www.tacoandco.fr\/en\/wp-json\/wp\/v2\/posts"}],"about":[{"href":"https:\/\/www.tacoandco.fr\/en\/wp-json\/wp\/v2\/types\/post"}],"author":[{"embeddable":true,"href":"https:\/\/www.tacoandco.fr\/en\/wp-json\/wp\/v2\/users\/2"}],"replies":[{"embeddable":true,"href":"https:\/\/www.tacoandco.fr\/en\/wp-json\/wp\/v2\/comments?post=6745"}],"version-history":[{"count":5,"href":"https:\/\/www.tacoandco.fr\/en\/wp-json\/wp\/v2\/posts\/6745\/revisions"}],"predecessor-version":[{"id":6769,"href":"https:\/\/www.tacoandco.fr\/en\/wp-json\/wp\/v2\/posts\/6745\/revisions\/6769"}],"wp:featuredmedia":[{"embeddable":true,"href":"https:\/\/www.tacoandco.fr\/en\/wp-json\/wp\/v2\/media\/6747"}],"wp:attachment":[{"href":"https:\/\/www.tacoandco.fr\/en\/wp-json\/wp\/v2\/media?parent=6745"}],"wp:term":[{"taxonomy":"category","embeddable":true,"href":"https:\/\/www.tacoandco.fr\/en\/wp-json\/wp\/v2\/categories?post=6745"},{"taxonomy":"post_tag","embeddable":true,"href":"https:\/\/www.tacoandco.fr\/en\/wp-json\/wp\/v2\/tags?post=6745"}],"curies":[{"name":"wp","href":"https:\/\/api.w.org\/{rel}","templated":true}]}}