{"id":6806,"date":"2021-06-16T16:36:46","date_gmt":"2021-06-16T14:36:46","guid":{"rendered":"https:\/\/www.tacoandco.fr\/?p=6806"},"modified":"2021-06-16T16:36:47","modified_gmt":"2021-06-16T14:36:47","slug":"a-ne-pas-manquer-le-19-juin-nouvelle-exposition-de-la-fondation-van-gogh-a-arles","status":"publish","type":"post","link":"https:\/\/www.tacoandco.fr\/en\/blog\/2021\/06\/16\/a-ne-pas-manquer-le-19-juin-nouvelle-exposition-de-la-fondation-van-gogh-a-arles\/","title":{"rendered":"A ne pas manquer le 19 juin: nouvelle exposition de la Fondation Van Gogh \u00e0 Arles"},"content":{"rendered":"<p>Du 19 juin au 31 octobre 2021, la Fondation Van Gogh Arles vous propose une exposition r\u00e9unissant de nouvelles \u0153uvres de Laura Owens, l\u2019une des artistes am\u00e9ricaines les plus connues de sa g\u00e9n\u00e9ration, et sept tableaux de Van Gogh, pour la plupart ex\u00e9cut\u00e9s \u00e0 Arles et aux alentours.<\/p>\n\n\n\n<p>Plus d\u2019informations sur le site de la\u00a0<a href=\"https:\/\/www.fondation-vincentvangogh-arles.org\/\">Fondation Van Gogh Arles<\/a>.<\/p>\n\n\n\n<figure class=\"wp-block-image size-large\"><a href=\"https:\/\/www.tacoandco.fr\/wp-content\/uploads\/2021\/06\/FVG-juin-2021-1-.jpg\"><img fetchpriority=\"high\" decoding=\"async\" width=\"665\" height=\"1024\" src=\"https:\/\/www.tacoandco.fr\/wp-content\/uploads\/2021\/06\/FVG-juin-2021-1--665x1024.jpg\" alt=\"\" class=\"wp-image-6807\" srcset=\"https:\/\/www.tacoandco.fr\/wp-content\/uploads\/2021\/06\/FVG-juin-2021-1--665x1024.jpg 665w, https:\/\/www.tacoandco.fr\/wp-content\/uploads\/2021\/06\/FVG-juin-2021-1--195x300.jpg 195w, https:\/\/www.tacoandco.fr\/wp-content\/uploads\/2021\/06\/FVG-juin-2021-1--8x12.jpg 8w, https:\/\/www.tacoandco.fr\/wp-content\/uploads\/2021\/06\/FVG-juin-2021-1-.jpg 720w\" sizes=\"(max-width: 665px) 100vw, 665px\" \/><\/a><\/figure>","protected":false},"excerpt":{"rendered":"<p>Du 19 juin au 31 octobre 2021, la Fondation Van Gogh Arles vous propose une exposition r\u00e9unissant de nouvelles \u0153uvres de Laura Owens, l\u2019une des artistes am\u00e9ricaines les plus connues de sa g\u00e9n\u00e9ration, et sept tableaux de Van Gogh, pour la plupart ex\u00e9cut\u00e9s \u00e0 Arles et aux alentours. Plus d\u2019informations sur le site de la\u00a0Fondation [&hellip;]<\/p>","protected":false},"author":2,"featured_media":6808,"comment_status":"closed","ping_status":"closed","sticky":false,"template":"","format":"standard","meta":{"footnotes":""},"categories":[3],"tags":[],"class_list":["post-6806","post","type-post","status-publish","format-standard","has-post-thumbnail","hentry","category-actualites","entry","has-media"],"aioseo_notices":[],"_links":{"self":[{"href":"https:\/\/www.tacoandco.fr\/en\/wp-json\/wp\/v2\/posts\/6806","targetHints":{"allow":["GET"]}}],"collection":[{"href":"https:\/\/www.tacoandco.fr\/en\/wp-json\/wp\/v2\/posts"}],"about":[{"href":"https:\/\/www.tacoandco.fr\/en\/wp-json\/wp\/v2\/types\/post"}],"author":[{"embeddable":true,"href":"https:\/\/www.tacoandco.fr\/en\/wp-json\/wp\/v2\/users\/2"}],"replies":[{"embeddable":true,"href":"https:\/\/www.tacoandco.fr\/en\/wp-json\/wp\/v2\/comments?post=6806"}],"version-history":[{"count":1,"href":"https:\/\/www.tacoandco.fr\/en\/wp-json\/wp\/v2\/posts\/6806\/revisions"}],"predecessor-version":[{"id":6809,"href":"https:\/\/www.tacoandco.fr\/en\/wp-json\/wp\/v2\/posts\/6806\/revisions\/6809"}],"wp:featuredmedia":[{"embeddable":true,"href":"https:\/\/www.tacoandco.fr\/en\/wp-json\/wp\/v2\/media\/6808"}],"wp:attachment":[{"href":"https:\/\/www.tacoandco.fr\/en\/wp-json\/wp\/v2\/media?parent=6806"}],"wp:term":[{"taxonomy":"category","embeddable":true,"href":"https:\/\/www.tacoandco.fr\/en\/wp-json\/wp\/v2\/categories?post=6806"},{"taxonomy":"post_tag","embeddable":true,"href":"https:\/\/www.tacoandco.fr\/en\/wp-json\/wp\/v2\/tags?post=6806"}],"curies":[{"name":"wp","href":"https:\/\/api.w.org\/{rel}","templated":true}]}}