{"id":6818,"date":"2021-06-23T10:46:22","date_gmt":"2021-06-23T08:46:22","guid":{"rendered":"https:\/\/www.tacoandco.fr\/?p=6818"},"modified":"2021-06-23T10:46:22","modified_gmt":"2021-06-23T08:46:22","slug":"ouverture-luma-arles-le-29-juin-profitez-des-services-taco-and-co","status":"publish","type":"post","link":"https:\/\/www.tacoandco.fr\/en\/blog\/2021\/06\/23\/ouverture-luma-arles-le-29-juin-profitez-des-services-taco-and-co\/","title":{"rendered":"Ouverture Luma Arles le 29 juin: profitez des services Taco and Co"},"content":{"rendered":"<p>La pi\u00e8ce ma\u00eetresse de Luma Arles, La Tour,\u00a0con\u00e7ue par l\u2019architecte canadien Frank Gehry vous ouvre ses portes le 26 juin 2021<strong>.<\/strong> Une inauguration tr\u00e8s attendue \u00e0 ne pas manquer.<\/p>\n\n\n\n<p>Et pour continuer \u00e0 d\u00e9couvrir ce nouveau lieu d&rsquo;\u00e9changes, de culture et d&rsquo;art, le Parc des Ateliers Luma participe au festival international de photographie\u00a0<a href=\"https:\/\/www.rencontres-arles.com\/\">Les Rencontres d\u2019Arles<\/a>\u00a0et au festival de musiques du monde\u00a0<a href=\"https:\/\/www.suds-arles.com\/fr\/2021\">Les Suds<\/a>.<\/p>\n\n\n\n<p><\/p>\n\n\n\n<p>Taco and Co se met \u00e0 votre service pour ces \u00e9v\u00e8nements:<\/p>\n\n\n\n<p><strong>Transport \u00e0 la demande:<\/strong>&nbsp;un v\u00e9lo taxi vous emm\u00e8ne o\u00f9 vous le souhaitez dans tout le centre ancien.<\/p>\n\n\n\n<p><strong>Consigne \u00e0 bagages:<\/strong>&nbsp;pas besoin de porter vos valises, vous pouvez d\u00e9poser vos sacs dans nos locaux, en face de la gare SNCF d\u2019Arles.<\/p>\n\n\n\n<p><strong>Location de v\u00e9los:<\/strong>&nbsp;v\u00e9lo de ville, VTC, VTT, v\u00e9los \u00e9lectriques, Taco and Co a tout ce qu\u2019il vous faut pour vous faire profiter de la ville et ses alentours \u00e0 deux roues.<\/p>\n\n\n\n<p><strong>Tours de ville:<\/strong>&nbsp;Taco and Co vous propose de visiter Arles, son centre historique et ses diff\u00e9rents sites, d\u2019une mani\u00e8re originale et conviviale. Plus d\u2019informations sur notre site&nbsp;<a href=\"http:\/\/visiterarles.com\/\">visiterarles.com<\/a>&nbsp;&nbsp;<\/p>\n\n\n\n<p>Toutes les informations sont en ligne sur notre site&nbsp;<a href=\"https:\/\/www.tacoandco.fr\/en\/\">Taco and Co<\/a><\/p>\n\n\n\n<p>R\u00e9servations au&nbsp;<strong>06 50 29 60 00<\/strong><\/p>\n\n\n\n<figure class=\"wp-block-image size-large\"><a href=\"https:\/\/www.tacoandco.fr\/wp-content\/uploads\/2021\/06\/Services-tourisme.png\"><img fetchpriority=\"high\" decoding=\"async\" width=\"715\" height=\"425\" src=\"https:\/\/www.tacoandco.fr\/wp-content\/uploads\/2021\/06\/Services-tourisme.png\" alt=\"\" class=\"wp-image-6772\" srcset=\"https:\/\/www.tacoandco.fr\/wp-content\/uploads\/2021\/06\/Services-tourisme.png 715w, https:\/\/www.tacoandco.fr\/wp-content\/uploads\/2021\/06\/Services-tourisme-300x178.png 300w, https:\/\/www.tacoandco.fr\/wp-content\/uploads\/2021\/06\/Services-tourisme-16x10.png 16w\" sizes=\"(max-width: 715px) 100vw, 715px\" \/><\/a><\/figure>\n\n\n\n<figure class=\"wp-block-image size-large\"><a href=\"https:\/\/www.tacoandco.fr\/wp-content\/uploads\/2021\/06\/Luma-Juin-2021-2-1.jpeg\"><img decoding=\"async\" width=\"768\" height=\"1024\" src=\"https:\/\/www.tacoandco.fr\/wp-content\/uploads\/2021\/06\/Luma-Juin-2021-2-1.jpeg\" alt=\"\" class=\"wp-image-6756\" srcset=\"https:\/\/www.tacoandco.fr\/wp-content\/uploads\/2021\/06\/Luma-Juin-2021-2-1.jpeg 768w, https:\/\/www.tacoandco.fr\/wp-content\/uploads\/2021\/06\/Luma-Juin-2021-2-1-225x300.jpeg 225w, https:\/\/www.tacoandco.fr\/wp-content\/uploads\/2021\/06\/Luma-Juin-2021-2-1-9x12.jpeg 9w\" sizes=\"(max-width: 768px) 100vw, 768px\" \/><\/a><\/figure>","protected":false},"excerpt":{"rendered":"<p>La pi\u00e8ce ma\u00eetresse de Luma Arles, La Tour,\u00a0con\u00e7ue par l\u2019architecte canadien Frank Gehry vous ouvre ses portes le 26 juin 2021. Une inauguration tr\u00e8s attendue \u00e0 ne pas manquer. Et pour continuer \u00e0 d\u00e9couvrir ce nouveau lieu d&rsquo;\u00e9changes, de culture et d&rsquo;art, le Parc des Ateliers Luma participe au festival international de photographie\u00a0Les Rencontres d\u2019Arles\u00a0et [&hellip;]<\/p>","protected":false},"author":2,"featured_media":6757,"comment_status":"closed","ping_status":"closed","sticky":false,"template":"","format":"standard","meta":{"footnotes":""},"categories":[3],"tags":[],"class_list":["post-6818","post","type-post","status-publish","format-standard","has-post-thumbnail","hentry","category-actualites","entry","has-media"],"aioseo_notices":[],"_links":{"self":[{"href":"https:\/\/www.tacoandco.fr\/en\/wp-json\/wp\/v2\/posts\/6818","targetHints":{"allow":["GET"]}}],"collection":[{"href":"https:\/\/www.tacoandco.fr\/en\/wp-json\/wp\/v2\/posts"}],"about":[{"href":"https:\/\/www.tacoandco.fr\/en\/wp-json\/wp\/v2\/types\/post"}],"author":[{"embeddable":true,"href":"https:\/\/www.tacoandco.fr\/en\/wp-json\/wp\/v2\/users\/2"}],"replies":[{"embeddable":true,"href":"https:\/\/www.tacoandco.fr\/en\/wp-json\/wp\/v2\/comments?post=6818"}],"version-history":[{"count":1,"href":"https:\/\/www.tacoandco.fr\/en\/wp-json\/wp\/v2\/posts\/6818\/revisions"}],"predecessor-version":[{"id":6819,"href":"https:\/\/www.tacoandco.fr\/en\/wp-json\/wp\/v2\/posts\/6818\/revisions\/6819"}],"wp:featuredmedia":[{"embeddable":true,"href":"https:\/\/www.tacoandco.fr\/en\/wp-json\/wp\/v2\/media\/6757"}],"wp:attachment":[{"href":"https:\/\/www.tacoandco.fr\/en\/wp-json\/wp\/v2\/media?parent=6818"}],"wp:term":[{"taxonomy":"category","embeddable":true,"href":"https:\/\/www.tacoandco.fr\/en\/wp-json\/wp\/v2\/categories?post=6818"},{"taxonomy":"post_tag","embeddable":true,"href":"https:\/\/www.tacoandco.fr\/en\/wp-json\/wp\/v2\/tags?post=6818"}],"curies":[{"name":"wp","href":"https:\/\/api.w.org\/{rel}","templated":true}]}}