{"id":6820,"date":"2021-06-23T10:57:07","date_gmt":"2021-06-23T08:57:07","guid":{"rendered":"https:\/\/www.tacoandco.fr\/?p=6820"},"modified":"2021-06-23T10:57:07","modified_gmt":"2021-06-23T08:57:07","slug":"jeff-koons-mucem-une-exposition-inedite","status":"publish","type":"post","link":"https:\/\/www.tacoandco.fr\/en\/blog\/2021\/06\/23\/jeff-koons-mucem-une-exposition-inedite\/","title":{"rendered":"Jeff Koons Mucem: une exposition in\u00e9dite"},"content":{"rendered":"<p>Le Mucem vous ouvre ses portes pour une exposition in\u00e9dite \u00ab Jeff Koons Mucem. \u0152uvres de la Collection Pinault\u00bb, con\u00e7ue en \u00e9troite collaboration avec l\u2019artiste am\u00e9ricain, pr\u00e9sentera \u00e0 Marseille certaines de ses \u0153uvres les plus c\u00e9l\u00e8bres, et explorera la relation entre ces \u0153uvres et les objets du quotidien, photographies et documents de l\u2019immense collection du Mucem, r\u00e9f\u00e9rence dans le domaine des arts populaires.<\/p>\n\n\n\n<p>Plus d&rsquo;informations sur le site du <a href=\"https:\/\/www.mucem.org\/\" title=\"https:\/\/www.mucem.org\/\">Mucem<\/a>.<\/p>\n\n\n\n<figure class=\"wp-block-image size-large\"><a href=\"https:\/\/www.tacoandco.fr\/wp-content\/uploads\/2021\/06\/Mucem-Juin-2021-1.jpg\"><img fetchpriority=\"high\" decoding=\"async\" width=\"768\" height=\"1024\" src=\"https:\/\/www.tacoandco.fr\/wp-content\/uploads\/2021\/06\/Mucem-Juin-2021-1-768x1024.jpg\" alt=\"\" class=\"wp-image-6822\" srcset=\"https:\/\/www.tacoandco.fr\/wp-content\/uploads\/2021\/06\/Mucem-Juin-2021-1-768x1024.jpg 768w, https:\/\/www.tacoandco.fr\/wp-content\/uploads\/2021\/06\/Mucem-Juin-2021-1-225x300.jpg 225w, https:\/\/www.tacoandco.fr\/wp-content\/uploads\/2021\/06\/Mucem-Juin-2021-1-1152x1536.jpg 1152w, https:\/\/www.tacoandco.fr\/wp-content\/uploads\/2021\/06\/Mucem-Juin-2021-1-9x12.jpg 9w, https:\/\/www.tacoandco.fr\/wp-content\/uploads\/2021\/06\/Mucem-Juin-2021-1.jpg 1200w\" sizes=\"(max-width: 768px) 100vw, 768px\" \/><\/a><\/figure>","protected":false},"excerpt":{"rendered":"<p>Le Mucem vous ouvre ses portes pour une exposition in\u00e9dite \u00ab Jeff Koons Mucem. \u0152uvres de la Collection Pinault\u00bb, con\u00e7ue en \u00e9troite collaboration avec l\u2019artiste am\u00e9ricain, pr\u00e9sentera \u00e0 Marseille certaines de ses \u0153uvres les plus c\u00e9l\u00e8bres, et explorera la relation entre ces \u0153uvres et les objets du quotidien, photographies et documents de l\u2019immense collection du [&hellip;]<\/p>","protected":false},"author":2,"featured_media":6821,"comment_status":"closed","ping_status":"closed","sticky":false,"template":"","format":"standard","meta":{"footnotes":""},"categories":[3],"tags":[],"class_list":["post-6820","post","type-post","status-publish","format-standard","has-post-thumbnail","hentry","category-actualites","entry","has-media"],"aioseo_notices":[],"_links":{"self":[{"href":"https:\/\/www.tacoandco.fr\/en\/wp-json\/wp\/v2\/posts\/6820","targetHints":{"allow":["GET"]}}],"collection":[{"href":"https:\/\/www.tacoandco.fr\/en\/wp-json\/wp\/v2\/posts"}],"about":[{"href":"https:\/\/www.tacoandco.fr\/en\/wp-json\/wp\/v2\/types\/post"}],"author":[{"embeddable":true,"href":"https:\/\/www.tacoandco.fr\/en\/wp-json\/wp\/v2\/users\/2"}],"replies":[{"embeddable":true,"href":"https:\/\/www.tacoandco.fr\/en\/wp-json\/wp\/v2\/comments?post=6820"}],"version-history":[{"count":1,"href":"https:\/\/www.tacoandco.fr\/en\/wp-json\/wp\/v2\/posts\/6820\/revisions"}],"predecessor-version":[{"id":6823,"href":"https:\/\/www.tacoandco.fr\/en\/wp-json\/wp\/v2\/posts\/6820\/revisions\/6823"}],"wp:featuredmedia":[{"embeddable":true,"href":"https:\/\/www.tacoandco.fr\/en\/wp-json\/wp\/v2\/media\/6821"}],"wp:attachment":[{"href":"https:\/\/www.tacoandco.fr\/en\/wp-json\/wp\/v2\/media?parent=6820"}],"wp:term":[{"taxonomy":"category","embeddable":true,"href":"https:\/\/www.tacoandco.fr\/en\/wp-json\/wp\/v2\/categories?post=6820"},{"taxonomy":"post_tag","embeddable":true,"href":"https:\/\/www.tacoandco.fr\/en\/wp-json\/wp\/v2\/tags?post=6820"}],"curies":[{"name":"wp","href":"https:\/\/api.w.org\/{rel}","templated":true}]}}