{"id":6824,"date":"2021-06-23T11:29:18","date_gmt":"2021-06-23T09:29:18","guid":{"rendered":"https:\/\/www.tacoandco.fr\/?p=6824"},"modified":"2021-06-23T11:29:18","modified_gmt":"2021-06-23T09:29:18","slug":"festival-les-suds-a-arles","status":"publish","type":"post","link":"https:\/\/www.tacoandco.fr\/en\/blog\/2021\/06\/23\/festival-les-suds-a-arles\/","title":{"rendered":"Festival Les Suds \u00e0 Arles"},"content":{"rendered":"<p>Le Festival Les Suds \u00e0 Arles vous donne rdv pour sa 26\u00e8me \u00e9dition du 12 au 18 juillet 2021.<\/p>\n\n\n\n<p>Des soir\u00e9es, des stages, des artistes, des b\u00e9n\u00e9voles, des techniciens, des spectateurs&#8230; une invitation \u00e0 ne pas manquer. La programmation s&rsquo;annonce progressivement sur le site du <a href=\"https:\/\/www.suds-arles.com\/fr\/2021\">festival<\/a>.<\/p>\n\n\n\n<p>N\u00e9 \u00e0 l\u2019initiative de passionn\u00e9s et de professionnels de la culture m\u00e9diterran\u00e9enne,\u00a0SUDS a pour but d\u2019affirmer l\u2019identit\u00e9 des pays de la M\u00e9diterran\u00e9e\u00a0et plus largement des Suds ; de promouvoir, diffuser leurs cultures, d\u00e9velopper leur attractivit\u00e9 et contribuer \u00e0 leur pleine reconnaissance dans l\u2019espace europ\u00e9en et international.<\/p>\n\n\n\n<figure class=\"wp-block-image size-large\"><a href=\"https:\/\/www.tacoandco.fr\/wp-content\/uploads\/2021\/06\/Les-Suds.png\"><img fetchpriority=\"high\" decoding=\"async\" width=\"768\" height=\"541\" src=\"https:\/\/www.tacoandco.fr\/wp-content\/uploads\/2021\/06\/Les-Suds.png\" alt=\"\" class=\"wp-image-6828\" srcset=\"https:\/\/www.tacoandco.fr\/wp-content\/uploads\/2021\/06\/Les-Suds.png 768w, https:\/\/www.tacoandco.fr\/wp-content\/uploads\/2021\/06\/Les-Suds-300x211.png 300w, https:\/\/www.tacoandco.fr\/wp-content\/uploads\/2021\/06\/Les-Suds-16x12.png 16w\" sizes=\"(max-width: 768px) 100vw, 768px\" \/><\/a><\/figure>","protected":false},"excerpt":{"rendered":"<p>Le Festival Les Suds \u00e0 Arles vous donne rdv pour sa 26\u00e8me \u00e9dition du 12 au 18 juillet 2021. Des soir\u00e9es, des stages, des artistes, des b\u00e9n\u00e9voles, des techniciens, des spectateurs&#8230; une invitation \u00e0 ne pas manquer. La programmation s&rsquo;annonce progressivement sur le site du festival. N\u00e9 \u00e0 l\u2019initiative de passionn\u00e9s et de professionnels de [&hellip;]<\/p>","protected":false},"author":2,"featured_media":6825,"comment_status":"closed","ping_status":"closed","sticky":false,"template":"","format":"standard","meta":{"footnotes":""},"categories":[3],"tags":[],"class_list":["post-6824","post","type-post","status-publish","format-standard","has-post-thumbnail","hentry","category-actualites","entry","has-media"],"aioseo_notices":[],"_links":{"self":[{"href":"https:\/\/www.tacoandco.fr\/en\/wp-json\/wp\/v2\/posts\/6824","targetHints":{"allow":["GET"]}}],"collection":[{"href":"https:\/\/www.tacoandco.fr\/en\/wp-json\/wp\/v2\/posts"}],"about":[{"href":"https:\/\/www.tacoandco.fr\/en\/wp-json\/wp\/v2\/types\/post"}],"author":[{"embeddable":true,"href":"https:\/\/www.tacoandco.fr\/en\/wp-json\/wp\/v2\/users\/2"}],"replies":[{"embeddable":true,"href":"https:\/\/www.tacoandco.fr\/en\/wp-json\/wp\/v2\/comments?post=6824"}],"version-history":[{"count":1,"href":"https:\/\/www.tacoandco.fr\/en\/wp-json\/wp\/v2\/posts\/6824\/revisions"}],"predecessor-version":[{"id":6829,"href":"https:\/\/www.tacoandco.fr\/en\/wp-json\/wp\/v2\/posts\/6824\/revisions\/6829"}],"wp:featuredmedia":[{"embeddable":true,"href":"https:\/\/www.tacoandco.fr\/en\/wp-json\/wp\/v2\/media\/6825"}],"wp:attachment":[{"href":"https:\/\/www.tacoandco.fr\/en\/wp-json\/wp\/v2\/media?parent=6824"}],"wp:term":[{"taxonomy":"category","embeddable":true,"href":"https:\/\/www.tacoandco.fr\/en\/wp-json\/wp\/v2\/categories?post=6824"},{"taxonomy":"post_tag","embeddable":true,"href":"https:\/\/www.tacoandco.fr\/en\/wp-json\/wp\/v2\/tags?post=6824"}],"curies":[{"name":"wp","href":"https:\/\/api.w.org\/{rel}","templated":true}]}}