{"id":6887,"date":"2021-06-30T10:47:34","date_gmt":"2021-06-30T08:47:34","guid":{"rendered":"https:\/\/www.tacoandco.fr\/?p=6887"},"modified":"2021-06-30T10:48:04","modified_gmt":"2021-06-30T08:48:04","slug":"un-spectacle-a-ne-pas-manquer-aux-carrieres-de-lumieres-des-baux-de-provence","status":"publish","type":"post","link":"https:\/\/www.tacoandco.fr\/en\/blog\/2021\/06\/30\/un-spectacle-a-ne-pas-manquer-aux-carrieres-de-lumieres-des-baux-de-provence\/","title":{"rendered":"Un spectacle \u00e0 ne pas manquer aux Carri\u00e8res de Lumi\u00e8res des Baux-de-Provence"},"content":{"rendered":"<p>Lieu incontournable en Provence, au pied de la cit\u00e9 des Baux-de-Provence, au c\u0153ur des Alpilles, \u00e0 quelques minutes d\u2019Arles, les Carri\u00e8res de Lumi\u00e8res vous proposent un programme estival \u00e0 ne pas manquer.<\/p>\n\n\n\n<p>Rdv le 15 juillet \u00e0 20h30 pour un concert in\u00e9dit \u00ab\u00a0Looking for Beethoven\u00a0\u00bb.<\/p>\n\n\n\n<p>Pascal Amoyel, pianiste de renomm\u00e9e internationale, interpr\u00e8te 32 sonates.<\/p>\n\n\n\n<p>Le concert sera suivi par la projection des expositions immersives \u00ab\u00a0Cezanne, le ma\u00eetre de la Provence\u00a0\u00bb et \u00ab\u00a0Kandinsky, l&rsquo;odyss\u00e9e de l&rsquo;abstrait\u00a0\u00bb.<\/p>\n\n\n\n<p>Plus d\u2019informations sur le site de<a href=\"https:\/\/www.carrieres-lumieres.com\/\"> Carri\u00e8res de Lumi\u00e8res<\/a>.<\/p>","protected":false},"excerpt":{"rendered":"<p>Lieu incontournable en Provence, au pied de la cit\u00e9 des Baux-de-Provence, au c\u0153ur des Alpilles, \u00e0 quelques minutes d\u2019Arles, les Carri\u00e8res de Lumi\u00e8res vous proposent un programme estival \u00e0 ne pas manquer. Rdv le 15 juillet \u00e0 20h30 pour un concert in\u00e9dit \u00ab\u00a0Looking for Beethoven\u00a0\u00bb. Pascal Amoyel, pianiste de renomm\u00e9e internationale, interpr\u00e8te 32 sonates. Le [&hellip;]<\/p>","protected":false},"author":2,"featured_media":6888,"comment_status":"closed","ping_status":"closed","sticky":false,"template":"","format":"standard","meta":{"footnotes":""},"categories":[3,1],"tags":[],"class_list":["post-6887","post","type-post","status-publish","format-standard","has-post-thumbnail","hentry","category-actualites","category-non-classifiee","entry","has-media"],"aioseo_notices":[],"_links":{"self":[{"href":"https:\/\/www.tacoandco.fr\/en\/wp-json\/wp\/v2\/posts\/6887","targetHints":{"allow":["GET"]}}],"collection":[{"href":"https:\/\/www.tacoandco.fr\/en\/wp-json\/wp\/v2\/posts"}],"about":[{"href":"https:\/\/www.tacoandco.fr\/en\/wp-json\/wp\/v2\/types\/post"}],"author":[{"embeddable":true,"href":"https:\/\/www.tacoandco.fr\/en\/wp-json\/wp\/v2\/users\/2"}],"replies":[{"embeddable":true,"href":"https:\/\/www.tacoandco.fr\/en\/wp-json\/wp\/v2\/comments?post=6887"}],"version-history":[{"count":2,"href":"https:\/\/www.tacoandco.fr\/en\/wp-json\/wp\/v2\/posts\/6887\/revisions"}],"predecessor-version":[{"id":6892,"href":"https:\/\/www.tacoandco.fr\/en\/wp-json\/wp\/v2\/posts\/6887\/revisions\/6892"}],"wp:featuredmedia":[{"embeddable":true,"href":"https:\/\/www.tacoandco.fr\/en\/wp-json\/wp\/v2\/media\/6888"}],"wp:attachment":[{"href":"https:\/\/www.tacoandco.fr\/en\/wp-json\/wp\/v2\/media?parent=6887"}],"wp:term":[{"taxonomy":"category","embeddable":true,"href":"https:\/\/www.tacoandco.fr\/en\/wp-json\/wp\/v2\/categories?post=6887"},{"taxonomy":"post_tag","embeddable":true,"href":"https:\/\/www.tacoandco.fr\/en\/wp-json\/wp\/v2\/tags?post=6887"}],"curies":[{"name":"wp","href":"https:\/\/api.w.org\/{rel}","templated":true}]}}