{"id":6895,"date":"2021-06-30T15:37:23","date_gmt":"2021-06-30T13:37:23","guid":{"rendered":"https:\/\/www.tacoandco.fr\/?p=6895"},"modified":"2021-06-30T15:37:23","modified_gmt":"2021-06-30T13:37:23","slug":"luma-arles-cest-ouvert","status":"publish","type":"post","link":"https:\/\/www.tacoandco.fr\/en\/blog\/2021\/06\/30\/luma-arles-cest-ouvert\/","title":{"rendered":"Luma Arles, c&rsquo;est ouvert!"},"content":{"rendered":"<p>Depuis le 26 juin la Tour Luma vous ouvre ses porte: 12 expositions et 47 artistes \u00e0 d\u00e9couvrir.<\/p>\n\n\n\n<p>Le projet LUMA Arles a \u00e9t\u00e9 lanc\u00e9 en 2013 par Maja Hoffmann sur le Parc des Ateliers.&nbsp;Ce campus cr\u00e9atif offre aux artistes de nouvelles perspectives de cr\u00e9ation, de collaboration et de pr\u00e9sentation de leur travail au public.<\/p>\n\n\n\n<p>Plus d\u2019informations et r\u00e9servation possible sur le site <a href=\"https:\/\/www.luma.org\/arles.html\">Luma Arles<\/a>.<\/p>\n\n\n\n<figure class=\"wp-block-image size-large\"><a href=\"https:\/\/www.tacoandco.fr\/wp-content\/uploads\/2021\/06\/Luma-Juin-2021-3-2.jpg\"><img fetchpriority=\"high\" decoding=\"async\" width=\"461\" height=\"1024\" src=\"https:\/\/www.tacoandco.fr\/wp-content\/uploads\/2021\/06\/Luma-Juin-2021-3-2-461x1024.jpg\" alt=\"\" class=\"wp-image-6898\" srcset=\"https:\/\/www.tacoandco.fr\/wp-content\/uploads\/2021\/06\/Luma-Juin-2021-3-2-461x1024.jpg 461w, https:\/\/www.tacoandco.fr\/wp-content\/uploads\/2021\/06\/Luma-Juin-2021-3-2-135x300.jpg 135w, https:\/\/www.tacoandco.fr\/wp-content\/uploads\/2021\/06\/Luma-Juin-2021-3-2-691x1536.jpg 691w, https:\/\/www.tacoandco.fr\/wp-content\/uploads\/2021\/06\/Luma-Juin-2021-3-2-5x12.jpg 5w, https:\/\/www.tacoandco.fr\/wp-content\/uploads\/2021\/06\/Luma-Juin-2021-3-2.jpg 720w\" sizes=\"(max-width: 461px) 100vw, 461px\" \/><\/a><\/figure>","protected":false},"excerpt":{"rendered":"<p>Depuis le 26 juin la Tour Luma vous ouvre ses porte: 12 expositions et 47 artistes \u00e0 d\u00e9couvrir. Le projet LUMA Arles a \u00e9t\u00e9 lanc\u00e9 en 2013 par Maja Hoffmann sur le Parc des Ateliers.&nbsp;Ce campus cr\u00e9atif offre aux artistes de nouvelles perspectives de cr\u00e9ation, de collaboration et de pr\u00e9sentation de leur travail au public. [&hellip;]<\/p>","protected":false},"author":2,"featured_media":6896,"comment_status":"closed","ping_status":"closed","sticky":false,"template":"","format":"standard","meta":{"footnotes":""},"categories":[3],"tags":[],"class_list":["post-6895","post","type-post","status-publish","format-standard","has-post-thumbnail","hentry","category-actualites","entry","has-media"],"aioseo_notices":[],"_links":{"self":[{"href":"https:\/\/www.tacoandco.fr\/en\/wp-json\/wp\/v2\/posts\/6895","targetHints":{"allow":["GET"]}}],"collection":[{"href":"https:\/\/www.tacoandco.fr\/en\/wp-json\/wp\/v2\/posts"}],"about":[{"href":"https:\/\/www.tacoandco.fr\/en\/wp-json\/wp\/v2\/types\/post"}],"author":[{"embeddable":true,"href":"https:\/\/www.tacoandco.fr\/en\/wp-json\/wp\/v2\/users\/2"}],"replies":[{"embeddable":true,"href":"https:\/\/www.tacoandco.fr\/en\/wp-json\/wp\/v2\/comments?post=6895"}],"version-history":[{"count":1,"href":"https:\/\/www.tacoandco.fr\/en\/wp-json\/wp\/v2\/posts\/6895\/revisions"}],"predecessor-version":[{"id":6899,"href":"https:\/\/www.tacoandco.fr\/en\/wp-json\/wp\/v2\/posts\/6895\/revisions\/6899"}],"wp:featuredmedia":[{"embeddable":true,"href":"https:\/\/www.tacoandco.fr\/en\/wp-json\/wp\/v2\/media\/6896"}],"wp:attachment":[{"href":"https:\/\/www.tacoandco.fr\/en\/wp-json\/wp\/v2\/media?parent=6895"}],"wp:term":[{"taxonomy":"category","embeddable":true,"href":"https:\/\/www.tacoandco.fr\/en\/wp-json\/wp\/v2\/categories?post=6895"},{"taxonomy":"post_tag","embeddable":true,"href":"https:\/\/www.tacoandco.fr\/en\/wp-json\/wp\/v2\/tags?post=6895"}],"curies":[{"name":"wp","href":"https:\/\/api.w.org\/{rel}","templated":true}]}}