{"id":6935,"date":"2021-07-09T09:04:48","date_gmt":"2021-07-09T07:04:48","guid":{"rendered":"https:\/\/www.tacoandco.fr\/?p=6935"},"modified":"2021-07-09T09:04:48","modified_gmt":"2021-07-09T07:04:48","slug":"soleil-fm-pays-darles-parle-de-notre-service-de-collecte-de-dechets-ecoresponsable","status":"publish","type":"post","link":"https:\/\/www.tacoandco.fr\/en\/blog\/2021\/07\/09\/soleil-fm-pays-darles-parle-de-notre-service-de-collecte-de-dechets-ecoresponsable\/","title":{"rendered":"Soleil FM Pays d&rsquo;Arles parle de notre service de collecte de d\u00e9chets \u00e9coresponsable"},"content":{"rendered":"<p>En collaboration avec l&rsquo;ACCM, <a href=\"https:\/\/www.citeo.com\/\">Citeo<\/a> et l&rsquo;Ad\u00e8me, Taco and Co assure un service de collecte de d\u00e9chets \u00e9coresponsable dans le centre-ville d&rsquo;Arles. Nous pr\u00e9sentions ce service lors d&rsquo;un point presse le 29 juin dernier. <\/p>\n\n\n\n<p>Merci \u00e0 <a href=\"https:\/\/www.soleilfm.com\/accm-service-de-collecte-ecoresponsable-de-dechets-a-velo-pour-le-centre-ville-darles\/?fbclid=IwAR06UOL7PYyoIpY8d3KBpzi6pQ41oW-u3pI-eTq0g-9Nw-abcANLZ0ZrFGA\">Soleil FM<\/a> pour cet article.<\/p>\n\n\n\n<p>Pour participer au tri de vos d\u00e9chets rien de plus simple !<\/p>\n\n\n\n<p>1-T\u00e9l\u00e9charger l\u2019application Taco and Co<\/p>\n\n\n\n<p>2-S\u2019inscrire en tant que particulier ou professionnel (\u00e0 l\u2019heure actuelle nous ne ramassons que le verre aupr\u00e8s des particuliers)<\/p>\n\n\n\n<p>3-Faire une demande de collecte<\/p>\n\n\n\n<p>4-D\u00e9poser votre tri devant votre porte le jour J<\/p>\n\n\n\n<p>Plus besoin de vous d\u00e9placer, le tri s\u00e9lectif devient accessible \u00e0 tous!<\/p>\n\n\n\n<p>Plus d&rsquo;informations sur notre site web <a href=\"https:\/\/www.tacoandco.fr\/en\/collecte-eco-responsable-a-arles\/\">Taco and Co<\/a>.<\/p>\n\n\n\n<p>Pour toute question contactez-nous au 06 50 29 60 00.<\/p>","protected":false},"excerpt":{"rendered":"<p>En collaboration avec l&rsquo;ACCM, Citeo et l&rsquo;Ad\u00e8me, Taco and Co assure un service de collecte de d\u00e9chets \u00e9coresponsable dans le centre-ville d&rsquo;Arles. Nous pr\u00e9sentions ce service lors d&rsquo;un point presse le 29 juin dernier. Merci \u00e0 Soleil FM pour cet article. Pour participer au tri de vos d\u00e9chets rien de plus simple ! 1-T\u00e9l\u00e9charger l\u2019application [&hellip;]<\/p>","protected":false},"author":2,"featured_media":6938,"comment_status":"closed","ping_status":"closed","sticky":false,"template":"","format":"standard","meta":{"footnotes":""},"categories":[3,1],"tags":[],"class_list":["post-6935","post","type-post","status-publish","format-standard","has-post-thumbnail","hentry","category-actualites","category-non-classifiee","entry","has-media"],"aioseo_notices":[],"_links":{"self":[{"href":"https:\/\/www.tacoandco.fr\/en\/wp-json\/wp\/v2\/posts\/6935","targetHints":{"allow":["GET"]}}],"collection":[{"href":"https:\/\/www.tacoandco.fr\/en\/wp-json\/wp\/v2\/posts"}],"about":[{"href":"https:\/\/www.tacoandco.fr\/en\/wp-json\/wp\/v2\/types\/post"}],"author":[{"embeddable":true,"href":"https:\/\/www.tacoandco.fr\/en\/wp-json\/wp\/v2\/users\/2"}],"replies":[{"embeddable":true,"href":"https:\/\/www.tacoandco.fr\/en\/wp-json\/wp\/v2\/comments?post=6935"}],"version-history":[{"count":1,"href":"https:\/\/www.tacoandco.fr\/en\/wp-json\/wp\/v2\/posts\/6935\/revisions"}],"predecessor-version":[{"id":6936,"href":"https:\/\/www.tacoandco.fr\/en\/wp-json\/wp\/v2\/posts\/6935\/revisions\/6936"}],"wp:featuredmedia":[{"embeddable":true,"href":"https:\/\/www.tacoandco.fr\/en\/wp-json\/wp\/v2\/media\/6938"}],"wp:attachment":[{"href":"https:\/\/www.tacoandco.fr\/en\/wp-json\/wp\/v2\/media?parent=6935"}],"wp:term":[{"taxonomy":"category","embeddable":true,"href":"https:\/\/www.tacoandco.fr\/en\/wp-json\/wp\/v2\/categories?post=6935"},{"taxonomy":"post_tag","embeddable":true,"href":"https:\/\/www.tacoandco.fr\/en\/wp-json\/wp\/v2\/tags?post=6935"}],"curies":[{"name":"wp","href":"https:\/\/api.w.org\/{rel}","templated":true}]}}