{"id":7067,"date":"2021-10-20T16:34:18","date_gmt":"2021-10-20T14:34:18","guid":{"rendered":"https:\/\/www.tacoandco.fr\/?p=7067"},"modified":"2021-10-20T16:34:19","modified_gmt":"2021-10-20T14:34:19","slug":"realites-de-la-science-fiction-un-symposium-organise-par-luma-arles","status":"publish","type":"post","link":"https:\/\/www.tacoandco.fr\/en\/blog\/2021\/10\/20\/realites-de-la-science-fiction-un-symposium-organise-par-luma-arles\/","title":{"rendered":"R\u00e9alit\u00e9s de la science-fiction, un symposium organis\u00e9 par Luma Arles"},"content":{"rendered":"<p>Luma Arles vous invite \u00e0 un week-end de conf\u00e9rences, de discussions et de projections autour des d\u00e9veloppements r\u00e9cents de la science-fiction dans le contexte de l\u2019art contemporain.<\/p>\n\n\n\n<p>Un \u00e9v\u00e8nement \u00e0 ne pas manquer, les 23 et 24 octobre.<\/p>\n\n\n\n<p>Programme et informations sur le site <a href=\"https:\/\/www.luma.org\/fr\/arles\/notre-programme\/event\/symposium-realites-de-la-science-fiction--87c12abc-edad-4b77-8707-bd0999ddbd0d.html\">Luma Arles<\/a>.<\/p>\n\n\n\n<figure class=\"wp-block-image size-large\"><a href=\"https:\/\/www.tacoandco.fr\/wp-content\/uploads\/2021\/10\/Luma-Oct-2021-2.jpg\"><img fetchpriority=\"high\" decoding=\"async\" width=\"461\" height=\"1024\" src=\"https:\/\/www.tacoandco.fr\/wp-content\/uploads\/2021\/10\/Luma-Oct-2021-2-461x1024.jpg\" alt=\"\" class=\"wp-image-7068\" srcset=\"https:\/\/www.tacoandco.fr\/wp-content\/uploads\/2021\/10\/Luma-Oct-2021-2-461x1024.jpg 461w, https:\/\/www.tacoandco.fr\/wp-content\/uploads\/2021\/10\/Luma-Oct-2021-2-135x300.jpg 135w, https:\/\/www.tacoandco.fr\/wp-content\/uploads\/2021\/10\/Luma-Oct-2021-2-768x1707.jpg 768w, https:\/\/www.tacoandco.fr\/wp-content\/uploads\/2021\/10\/Luma-Oct-2021-2-691x1536.jpg 691w, https:\/\/www.tacoandco.fr\/wp-content\/uploads\/2021\/10\/Luma-Oct-2021-2-5x12.jpg 5w, https:\/\/www.tacoandco.fr\/wp-content\/uploads\/2021\/10\/Luma-Oct-2021-2.jpg 900w\" sizes=\"(max-width: 461px) 100vw, 461px\" \/><\/a><\/figure>","protected":false},"excerpt":{"rendered":"<p>Luma Arles vous invite \u00e0 un week-end de conf\u00e9rences, de discussions et de projections autour des d\u00e9veloppements r\u00e9cents de la science-fiction dans le contexte de l\u2019art contemporain. Un \u00e9v\u00e8nement \u00e0 ne pas manquer, les 23 et 24 octobre. Programme et informations sur le site Luma Arles.<\/p>","protected":false},"author":2,"featured_media":7069,"comment_status":"closed","ping_status":"closed","sticky":false,"template":"","format":"standard","meta":{"footnotes":""},"categories":[3],"tags":[],"class_list":["post-7067","post","type-post","status-publish","format-standard","has-post-thumbnail","hentry","category-actualites","entry","has-media"],"aioseo_notices":[],"_links":{"self":[{"href":"https:\/\/www.tacoandco.fr\/en\/wp-json\/wp\/v2\/posts\/7067","targetHints":{"allow":["GET"]}}],"collection":[{"href":"https:\/\/www.tacoandco.fr\/en\/wp-json\/wp\/v2\/posts"}],"about":[{"href":"https:\/\/www.tacoandco.fr\/en\/wp-json\/wp\/v2\/types\/post"}],"author":[{"embeddable":true,"href":"https:\/\/www.tacoandco.fr\/en\/wp-json\/wp\/v2\/users\/2"}],"replies":[{"embeddable":true,"href":"https:\/\/www.tacoandco.fr\/en\/wp-json\/wp\/v2\/comments?post=7067"}],"version-history":[{"count":1,"href":"https:\/\/www.tacoandco.fr\/en\/wp-json\/wp\/v2\/posts\/7067\/revisions"}],"predecessor-version":[{"id":7070,"href":"https:\/\/www.tacoandco.fr\/en\/wp-json\/wp\/v2\/posts\/7067\/revisions\/7070"}],"wp:featuredmedia":[{"embeddable":true,"href":"https:\/\/www.tacoandco.fr\/en\/wp-json\/wp\/v2\/media\/7069"}],"wp:attachment":[{"href":"https:\/\/www.tacoandco.fr\/en\/wp-json\/wp\/v2\/media?parent=7067"}],"wp:term":[{"taxonomy":"category","embeddable":true,"href":"https:\/\/www.tacoandco.fr\/en\/wp-json\/wp\/v2\/categories?post=7067"},{"taxonomy":"post_tag","embeddable":true,"href":"https:\/\/www.tacoandco.fr\/en\/wp-json\/wp\/v2\/tags?post=7067"}],"curies":[{"name":"wp","href":"https:\/\/api.w.org\/{rel}","templated":true}]}}