{"id":7329,"date":"2022-04-07T14:46:53","date_gmt":"2022-04-07T12:46:53","guid":{"rendered":"https:\/\/www.tacoandco.fr\/?p=7329"},"modified":"2022-04-07T14:46:53","modified_gmt":"2022-04-07T12:46:53","slug":"apres-la-feria-je-rentre-avec-envia","status":"publish","type":"post","link":"https:\/\/www.tacoandco.fr\/en\/blog\/2022\/04\/07\/apres-la-feria-je-rentre-avec-envia\/","title":{"rendered":"Apr\u00e8s la F\u00e9ria, je rentre avec Envia"},"content":{"rendered":"<p>Pendant la F\u00e9ria de P\u00e2ques, Envia propose des navettes de nuit gratuites les 15, 16 &amp; 17 avril 2022. <\/p>\n\n\n\n<p>Au d\u00e9part de Gabriel P\u00e9ri \u00e0 23h, 1h &amp; 3h. <\/p>\n\n\n\n<p>Les navettes desservent Mas Thibert (via Pont de Crau) &#8211; Salin-de-Giraud (via Gageron &amp; Sambuc) &#8211; Saint-Martin de Crau (via Raph\u00e8le et Moul\u00e8s) &#8211; Tarascon (via \u00e0 la demande Boulbon &amp; St-Pierre de M\u00e9zoargues) &#8211; Saintes-Maries-de-la-Mer (via Albaron)<\/p>\n\n\n\n<p> <a href=\"https:\/\/www.tout-envia.com\/fr\/actualites\/3\/envia-partenaire-de-votre-feria-de-paques-\/9\/60\">https:\/\/www.tout-envia.com\/fr\/actualites\/3\/envia-partenaire-de-votre-feria-de-paques-\/9\/60<\/a><\/p>\n\n\n\n<figure class=\"wp-block-image size-large\"><a href=\"https:\/\/www.tacoandco.fr\/wp-content\/uploads\/2022\/04\/envia-portrait-2.jpg\"><img fetchpriority=\"high\" decoding=\"async\" width=\"768\" height=\"1024\" src=\"https:\/\/www.tacoandco.fr\/wp-content\/uploads\/2022\/04\/envia-portrait-2-768x1024.jpg\" alt=\"\" class=\"wp-image-7330\" srcset=\"https:\/\/www.tacoandco.fr\/wp-content\/uploads\/2022\/04\/envia-portrait-2-768x1024.jpg 768w, https:\/\/www.tacoandco.fr\/wp-content\/uploads\/2022\/04\/envia-portrait-2-225x300.jpg 225w, https:\/\/www.tacoandco.fr\/wp-content\/uploads\/2022\/04\/envia-portrait-2-9x12.jpg 9w, https:\/\/www.tacoandco.fr\/wp-content\/uploads\/2022\/04\/envia-portrait-2.jpg 972w\" sizes=\"(max-width: 768px) 100vw, 768px\" \/><\/a><\/figure>","protected":false},"excerpt":{"rendered":"<p>Pendant la F\u00e9ria de P\u00e2ques, Envia propose des navettes de nuit gratuites les 15, 16 &amp; 17 avril 2022. Au d\u00e9part de Gabriel P\u00e9ri \u00e0 23h, 1h &amp; 3h. Les navettes desservent Mas Thibert (via Pont de Crau) &#8211; Salin-de-Giraud (via Gageron &amp; Sambuc) &#8211; Saint-Martin de Crau (via Raph\u00e8le et Moul\u00e8s) &#8211; Tarascon (via [&hellip;]<\/p>","protected":false},"author":2,"featured_media":7331,"comment_status":"closed","ping_status":"closed","sticky":false,"template":"","format":"standard","meta":{"footnotes":""},"categories":[3],"tags":[],"class_list":["post-7329","post","type-post","status-publish","format-standard","has-post-thumbnail","hentry","category-actualites","entry","has-media"],"aioseo_notices":[],"_links":{"self":[{"href":"https:\/\/www.tacoandco.fr\/en\/wp-json\/wp\/v2\/posts\/7329","targetHints":{"allow":["GET"]}}],"collection":[{"href":"https:\/\/www.tacoandco.fr\/en\/wp-json\/wp\/v2\/posts"}],"about":[{"href":"https:\/\/www.tacoandco.fr\/en\/wp-json\/wp\/v2\/types\/post"}],"author":[{"embeddable":true,"href":"https:\/\/www.tacoandco.fr\/en\/wp-json\/wp\/v2\/users\/2"}],"replies":[{"embeddable":true,"href":"https:\/\/www.tacoandco.fr\/en\/wp-json\/wp\/v2\/comments?post=7329"}],"version-history":[{"count":1,"href":"https:\/\/www.tacoandco.fr\/en\/wp-json\/wp\/v2\/posts\/7329\/revisions"}],"predecessor-version":[{"id":7332,"href":"https:\/\/www.tacoandco.fr\/en\/wp-json\/wp\/v2\/posts\/7329\/revisions\/7332"}],"wp:featuredmedia":[{"embeddable":true,"href":"https:\/\/www.tacoandco.fr\/en\/wp-json\/wp\/v2\/media\/7331"}],"wp:attachment":[{"href":"https:\/\/www.tacoandco.fr\/en\/wp-json\/wp\/v2\/media?parent=7329"}],"wp:term":[{"taxonomy":"category","embeddable":true,"href":"https:\/\/www.tacoandco.fr\/en\/wp-json\/wp\/v2\/categories?post=7329"},{"taxonomy":"post_tag","embeddable":true,"href":"https:\/\/www.tacoandco.fr\/en\/wp-json\/wp\/v2\/tags?post=7329"}],"curies":[{"name":"wp","href":"https:\/\/api.w.org\/{rel}","templated":true}]}}