{"id":7374,"date":"2022-05-09T12:30:43","date_gmt":"2022-05-09T10:30:43","guid":{"rendered":"https:\/\/www.tacoandco.fr\/?p=7374"},"modified":"2022-05-09T12:30:45","modified_gmt":"2022-05-09T10:30:45","slug":"carmina-burana-22-mai-2022-theatre-antique-darles","status":"publish","type":"post","link":"https:\/\/www.tacoandco.fr\/en\/blog\/2022\/05\/09\/carmina-burana-22-mai-2022-theatre-antique-darles\/","title":{"rendered":"Carmina Burana, 22 mai 2022, Th\u00e9\u00e2tre Antique d&rsquo;Arles"},"content":{"rendered":"<p>Le 22 mai prochain \u00e0 18h00 au th\u00e9\u00e2tre antique d\u2019Arles, l&rsquo;Ensemble Vocal d&rsquo;Arles donnera CARMINA BURANA, la c\u00e9l\u00e8bre cantate profane de Carl Orff sous la direction de Pascal Stutzmann. Pour ce concert exceptionnel, l&rsquo;EVA sera assist\u00e9 du ch\u0153ur Espeyrel de N\u00eemes, des ch\u0153urs d&rsquo;enfants de l&rsquo;\u00e9cole du domaine du possible et des classes de formation musicale du conservatoire du pays d&rsquo;Arles, de 3 solistes professionnels C\u00e9cile Rives soprano, Yannick Badier t\u00e9nor, Jeong-hyun Han baryton soutenus par l&rsquo;ensemble des clarinettes de Poco Assai et des percussionnistes. Une prestation qui r\u00e9unira plus de 200 ex\u00e9cutants dans un cadre prestigieux.<\/p>\n\n\n\n<p>Concert caritatif donn\u00e9 au profit de l&rsquo;association l\u2019Orchestre \u00e0 l\u2019\u00e9cole. Cette association parrain\u00e9e par Gauthier Capu\u00e7on soutient financi\u00e8rement et p\u00e9dagogiquement les projets d&rsquo;orchestre d&rsquo;enfants en milieu scolaire. Elle intervient \u00e0 Arles en appui des projets d&rsquo;orchestre mis en \u0153uvre par le Conservatoire dans les \u00e9coles primaires Vall\u00e8s et les Mouleyr\u00e8s, au coll\u00e8ge Van Gogh ainsi qu&rsquo;\u00e0 l&rsquo;\u00c9cole du domaine du possible<\/p>\n\n\n\n<p>Prix des places :<\/p>\n\n\n\n<p>Tarif Plein : 20 \u20ac<\/p>\n\n\n\n<p>Tarif r\u00e9duit : 10 \u20ac pour \u00c9tudiants, demandeurs d\u2019emploi<\/p>\n\n\n\n<p>Gratuit au \u2013 de 16 ans<\/p>\n\n\n\n<p>plus dinfos <a href=\"https:\/\/www.ensemble-vocal-arles.net\/\">https:\/\/www.ensemble-vocal-arles.net\/<\/a><\/p>\n\n\n\n<figure class=\"wp-block-image size-large\"><a href=\"https:\/\/www.tacoandco.fr\/wp-content\/uploads\/2022\/05\/carmina-portrait-2.jpg\"><img fetchpriority=\"high\" decoding=\"async\" width=\"768\" height=\"1024\" src=\"https:\/\/www.tacoandco.fr\/wp-content\/uploads\/2022\/05\/carmina-portrait-2-768x1024.jpg\" alt=\"\" class=\"wp-image-7375\" srcset=\"https:\/\/www.tacoandco.fr\/wp-content\/uploads\/2022\/05\/carmina-portrait-2-768x1024.jpg 768w, https:\/\/www.tacoandco.fr\/wp-content\/uploads\/2022\/05\/carmina-portrait-2-225x300.jpg 225w, https:\/\/www.tacoandco.fr\/wp-content\/uploads\/2022\/05\/carmina-portrait-2-1152x1536.jpg 1152w, https:\/\/www.tacoandco.fr\/wp-content\/uploads\/2022\/05\/carmina-portrait-2-9x12.jpg 9w, https:\/\/www.tacoandco.fr\/wp-content\/uploads\/2022\/05\/carmina-portrait-2.jpg 1200w\" sizes=\"(max-width: 768px) 100vw, 768px\" \/><\/a><\/figure>\n\n\n\n<p><\/p>","protected":false},"excerpt":{"rendered":"<p>Le 22 mai prochain \u00e0 18h00 au th\u00e9\u00e2tre antique d\u2019Arles, l&rsquo;Ensemble Vocal d&rsquo;Arles donnera CARMINA BURANA, la c\u00e9l\u00e8bre cantate profane de Carl Orff sous la direction de Pascal Stutzmann. Pour ce concert exceptionnel, l&rsquo;EVA sera assist\u00e9 du ch\u0153ur Espeyrel de N\u00eemes, des ch\u0153urs d&rsquo;enfants de l&rsquo;\u00e9cole du domaine du possible et des classes de formation [&hellip;]<\/p>","protected":false},"author":2,"featured_media":7376,"comment_status":"closed","ping_status":"closed","sticky":false,"template":"","format":"standard","meta":{"footnotes":""},"categories":[3],"tags":[],"class_list":["post-7374","post","type-post","status-publish","format-standard","has-post-thumbnail","hentry","category-actualites","entry","has-media"],"aioseo_notices":[],"_links":{"self":[{"href":"https:\/\/www.tacoandco.fr\/en\/wp-json\/wp\/v2\/posts\/7374","targetHints":{"allow":["GET"]}}],"collection":[{"href":"https:\/\/www.tacoandco.fr\/en\/wp-json\/wp\/v2\/posts"}],"about":[{"href":"https:\/\/www.tacoandco.fr\/en\/wp-json\/wp\/v2\/types\/post"}],"author":[{"embeddable":true,"href":"https:\/\/www.tacoandco.fr\/en\/wp-json\/wp\/v2\/users\/2"}],"replies":[{"embeddable":true,"href":"https:\/\/www.tacoandco.fr\/en\/wp-json\/wp\/v2\/comments?post=7374"}],"version-history":[{"count":1,"href":"https:\/\/www.tacoandco.fr\/en\/wp-json\/wp\/v2\/posts\/7374\/revisions"}],"predecessor-version":[{"id":7377,"href":"https:\/\/www.tacoandco.fr\/en\/wp-json\/wp\/v2\/posts\/7374\/revisions\/7377"}],"wp:featuredmedia":[{"embeddable":true,"href":"https:\/\/www.tacoandco.fr\/en\/wp-json\/wp\/v2\/media\/7376"}],"wp:attachment":[{"href":"https:\/\/www.tacoandco.fr\/en\/wp-json\/wp\/v2\/media?parent=7374"}],"wp:term":[{"taxonomy":"category","embeddable":true,"href":"https:\/\/www.tacoandco.fr\/en\/wp-json\/wp\/v2\/categories?post=7374"},{"taxonomy":"post_tag","embeddable":true,"href":"https:\/\/www.tacoandco.fr\/en\/wp-json\/wp\/v2\/tags?post=7374"}],"curies":[{"name":"wp","href":"https:\/\/api.w.org\/{rel}","templated":true}]}}