{"id":7395,"date":"2022-05-20T14:31:45","date_gmt":"2022-05-20T12:31:45","guid":{"rendered":"https:\/\/www.tacoandco.fr\/?p=7395"},"modified":"2022-05-20T14:31:45","modified_gmt":"2022-05-20T12:31:45","slug":"lecoute-essaimee-felix-blume-dominique-petitgand-art-sonore-au-musee-reattu-a-arles-du-21-mai-au-2-octobre-2022","status":"publish","type":"post","link":"https:\/\/www.tacoandco.fr\/en\/blog\/2022\/05\/20\/lecoute-essaimee-felix-blume-dominique-petitgand-art-sonore-au-musee-reattu-a-arles-du-21-mai-au-2-octobre-2022\/","title":{"rendered":"L&rsquo;Ecoute Essaim\u00e9e &#8211; F\u00e9lix Blume \/ Dominique Petitgand &#8211; Art sonore au Mus\u00e9e R\u00e9attu, \u00e0 Arles, du 21 mai au 2 octobre 2022"},"content":{"rendered":"<p>Invit\u00e9es de la Chambre d\u2019\u00e9coute en 2021-22, les \u0153uvres sonores de F\u00e9lix Blume et Dominique Petitgand essaiment cette ann\u00e9e dans les salles des collections permanentes du mus\u00e9e R\u00e9attu, sous la forme d\u2019installations sonores. Du 21 mai au 2 octobre 2022.<\/p>\n\n\n\n<p>Pour plus d&rsquo;infos: <a href=\"https:\/\/www.arlestourisme.com\/fr\/d%C3%A9tails.html?=L%E2%80%99%C3%89coute+essaim%C3%A9e+-+F%C3%A9lix+Blume+%7C+Dominique+Petitgand&amp;ident=6075607\">https:\/\/www.arlestourisme.com\/fr\/d%C3%A9tails.html?=L%E2%80%99%C3%89coute+essaim%C3%A9e+-+F%C3%A9lix+Blume+%7C+Dominique+Petitgand&amp;ident=6075607<\/a><\/p>\n\n\n\n<p>Lien vers le Mus\u00e9e R\u00e9attu <a href=\"http:\/\/www.museereattu.arles.fr\/actualites.html\">http:\/\/www.museereattu.arles.fr\/actualites.html<\/a><\/p>\n\n\n\n<figure class=\"wp-block-image size-large\"><a href=\"https:\/\/www.tacoandco.fr\/wp-content\/uploads\/2022\/05\/musee-Reattu-mai-octobre-2022-portrait.jpg\"><img fetchpriority=\"high\" decoding=\"async\" width=\"461\" height=\"1024\" src=\"https:\/\/www.tacoandco.fr\/wp-content\/uploads\/2022\/05\/musee-Reattu-mai-octobre-2022-portrait-461x1024.jpg\" alt=\"\" class=\"wp-image-7396\" srcset=\"https:\/\/www.tacoandco.fr\/wp-content\/uploads\/2022\/05\/musee-Reattu-mai-octobre-2022-portrait-461x1024.jpg 461w, https:\/\/www.tacoandco.fr\/wp-content\/uploads\/2022\/05\/musee-Reattu-mai-octobre-2022-portrait-135x300.jpg 135w, https:\/\/www.tacoandco.fr\/wp-content\/uploads\/2022\/05\/musee-Reattu-mai-octobre-2022-portrait-691x1536.jpg 691w, https:\/\/www.tacoandco.fr\/wp-content\/uploads\/2022\/05\/musee-Reattu-mai-octobre-2022-portrait-5x12.jpg 5w, https:\/\/www.tacoandco.fr\/wp-content\/uploads\/2022\/05\/musee-Reattu-mai-octobre-2022-portrait.jpg 720w\" sizes=\"(max-width: 461px) 100vw, 461px\" \/><\/a><\/figure>","protected":false},"excerpt":{"rendered":"<p>Invit\u00e9es de la Chambre d\u2019\u00e9coute en 2021-22, les \u0153uvres sonores de F\u00e9lix Blume et Dominique Petitgand essaiment cette ann\u00e9e dans les salles des collections permanentes du mus\u00e9e R\u00e9attu, sous la forme d\u2019installations sonores. Du 21 mai au 2 octobre 2022. Pour plus d&rsquo;infos: https:\/\/www.arlestourisme.com\/fr\/d%C3%A9tails.html?=L%E2%80%99%C3%89coute+essaim%C3%A9e+-+F%C3%A9lix+Blume+%7C+Dominique+Petitgand&amp;ident=6075607 Lien vers le Mus\u00e9e R\u00e9attu http:\/\/www.museereattu.arles.fr\/actualites.html<\/p>","protected":false},"author":2,"featured_media":7397,"comment_status":"closed","ping_status":"closed","sticky":false,"template":"","format":"standard","meta":{"footnotes":""},"categories":[3],"tags":[],"class_list":["post-7395","post","type-post","status-publish","format-standard","has-post-thumbnail","hentry","category-actualites","entry","has-media"],"aioseo_notices":[],"_links":{"self":[{"href":"https:\/\/www.tacoandco.fr\/en\/wp-json\/wp\/v2\/posts\/7395","targetHints":{"allow":["GET"]}}],"collection":[{"href":"https:\/\/www.tacoandco.fr\/en\/wp-json\/wp\/v2\/posts"}],"about":[{"href":"https:\/\/www.tacoandco.fr\/en\/wp-json\/wp\/v2\/types\/post"}],"author":[{"embeddable":true,"href":"https:\/\/www.tacoandco.fr\/en\/wp-json\/wp\/v2\/users\/2"}],"replies":[{"embeddable":true,"href":"https:\/\/www.tacoandco.fr\/en\/wp-json\/wp\/v2\/comments?post=7395"}],"version-history":[{"count":1,"href":"https:\/\/www.tacoandco.fr\/en\/wp-json\/wp\/v2\/posts\/7395\/revisions"}],"predecessor-version":[{"id":7398,"href":"https:\/\/www.tacoandco.fr\/en\/wp-json\/wp\/v2\/posts\/7395\/revisions\/7398"}],"wp:featuredmedia":[{"embeddable":true,"href":"https:\/\/www.tacoandco.fr\/en\/wp-json\/wp\/v2\/media\/7397"}],"wp:attachment":[{"href":"https:\/\/www.tacoandco.fr\/en\/wp-json\/wp\/v2\/media?parent=7395"}],"wp:term":[{"taxonomy":"category","embeddable":true,"href":"https:\/\/www.tacoandco.fr\/en\/wp-json\/wp\/v2\/categories?post=7395"},{"taxonomy":"post_tag","embeddable":true,"href":"https:\/\/www.tacoandco.fr\/en\/wp-json\/wp\/v2\/tags?post=7395"}],"curies":[{"name":"wp","href":"https:\/\/api.w.org\/{rel}","templated":true}]}}