{"id":7430,"date":"2022-08-09T11:04:27","date_gmt":"2022-08-09T09:04:27","guid":{"rendered":"https:\/\/www.tacoandco.fr\/?p=7430"},"modified":"2022-08-09T11:04:28","modified_gmt":"2022-08-09T09:04:28","slug":"agir-pour-le-vivant-a-arles-du-22-au-28-aout-2022","status":"publish","type":"post","link":"https:\/\/www.tacoandco.fr\/en\/blog\/2022\/08\/09\/agir-pour-le-vivant-a-arles-du-22-au-28-aout-2022\/","title":{"rendered":"Agir pour le vivant \u00e0 Arles, du 22 au 28 ao\u00fbt 2022"},"content":{"rendered":"<p>Agir pour le vivant vise \u00e0 organiser dans la dur\u00e9e un programme de r\u00e9flexions et d\u2019exp\u00e9rimentations territoriales afin de repenser la mani\u00e8re avec laquelle l\u2019ensemble du vivant se c\u00f4toie et notre fa\u00e7on d\u2019habiter le monde aujourd\u2019hui.<\/p>\n\n\n\n<p>Le festival, ouvert \u00e0 tous, se d\u00e9roulera \u00e0 Arles, du 22 au 28 ao\u00fbt 2022.<\/p>\n\n\n\n<p>D\u00e9bats, rencontres, ateliers, expositions, films, r\u00e9sidences. Avec la participation de: <strong>Clara Arnaud<\/strong>,\u00a0<strong>Wilfried N\u2019Sond\u00e9, Rob Hopkins, Cyril Dion, Ernst Z\u00fcrcher, Clara Breteau<\/strong><\/p>\n\n\n\n<p>Pour d\u00e9couvrir le programme complet: <a href=\"https:\/\/www.agirpourlevivant.fr\/\" title=\"https:\/\/www.agirpourlevivant.fr\/\">https:\/\/www.agirpourlevivant.fr\/<\/a><\/p>\n\n\n\n<figure class=\"wp-block-image size-large\"><a href=\"https:\/\/www.tacoandco.fr\/wp-content\/uploads\/2022\/08\/agir-pour-le-vivant-portrait-aout-2022.jpg\"><img fetchpriority=\"high\" decoding=\"async\" width=\"461\" height=\"1024\" src=\"https:\/\/www.tacoandco.fr\/wp-content\/uploads\/2022\/08\/agir-pour-le-vivant-portrait-aout-2022-461x1024.jpg\" alt=\"\" class=\"wp-image-7431\" srcset=\"https:\/\/www.tacoandco.fr\/wp-content\/uploads\/2022\/08\/agir-pour-le-vivant-portrait-aout-2022-461x1024.jpg 461w, https:\/\/www.tacoandco.fr\/wp-content\/uploads\/2022\/08\/agir-pour-le-vivant-portrait-aout-2022-135x300.jpg 135w, https:\/\/www.tacoandco.fr\/wp-content\/uploads\/2022\/08\/agir-pour-le-vivant-portrait-aout-2022-768x1707.jpg 768w, https:\/\/www.tacoandco.fr\/wp-content\/uploads\/2022\/08\/agir-pour-le-vivant-portrait-aout-2022-691x1536.jpg 691w, https:\/\/www.tacoandco.fr\/wp-content\/uploads\/2022\/08\/agir-pour-le-vivant-portrait-aout-2022-5x12.jpg 5w, https:\/\/www.tacoandco.fr\/wp-content\/uploads\/2022\/08\/agir-pour-le-vivant-portrait-aout-2022.jpg 900w\" sizes=\"(max-width: 461px) 100vw, 461px\" \/><\/a><\/figure>","protected":false},"excerpt":{"rendered":"<p>Agir pour le vivant vise \u00e0 organiser dans la dur\u00e9e un programme de r\u00e9flexions et d\u2019exp\u00e9rimentations territoriales afin de repenser la mani\u00e8re avec laquelle l\u2019ensemble du vivant se c\u00f4toie et notre fa\u00e7on d\u2019habiter le monde aujourd\u2019hui. Le festival, ouvert \u00e0 tous, se d\u00e9roulera \u00e0 Arles, du 22 au 28 ao\u00fbt 2022. D\u00e9bats, rencontres, ateliers, expositions, [&hellip;]<\/p>","protected":false},"author":2,"featured_media":7433,"comment_status":"closed","ping_status":"closed","sticky":false,"template":"","format":"standard","meta":{"footnotes":""},"categories":[3],"tags":[],"class_list":["post-7430","post","type-post","status-publish","format-standard","has-post-thumbnail","hentry","category-actualites","entry","has-media"],"aioseo_notices":[],"_links":{"self":[{"href":"https:\/\/www.tacoandco.fr\/en\/wp-json\/wp\/v2\/posts\/7430","targetHints":{"allow":["GET"]}}],"collection":[{"href":"https:\/\/www.tacoandco.fr\/en\/wp-json\/wp\/v2\/posts"}],"about":[{"href":"https:\/\/www.tacoandco.fr\/en\/wp-json\/wp\/v2\/types\/post"}],"author":[{"embeddable":true,"href":"https:\/\/www.tacoandco.fr\/en\/wp-json\/wp\/v2\/users\/2"}],"replies":[{"embeddable":true,"href":"https:\/\/www.tacoandco.fr\/en\/wp-json\/wp\/v2\/comments?post=7430"}],"version-history":[{"count":1,"href":"https:\/\/www.tacoandco.fr\/en\/wp-json\/wp\/v2\/posts\/7430\/revisions"}],"predecessor-version":[{"id":7434,"href":"https:\/\/www.tacoandco.fr\/en\/wp-json\/wp\/v2\/posts\/7430\/revisions\/7434"}],"wp:featuredmedia":[{"embeddable":true,"href":"https:\/\/www.tacoandco.fr\/en\/wp-json\/wp\/v2\/media\/7433"}],"wp:attachment":[{"href":"https:\/\/www.tacoandco.fr\/en\/wp-json\/wp\/v2\/media?parent=7430"}],"wp:term":[{"taxonomy":"category","embeddable":true,"href":"https:\/\/www.tacoandco.fr\/en\/wp-json\/wp\/v2\/categories?post=7430"},{"taxonomy":"post_tag","embeddable":true,"href":"https:\/\/www.tacoandco.fr\/en\/wp-json\/wp\/v2\/tags?post=7430"}],"curies":[{"name":"wp","href":"https:\/\/api.w.org\/{rel}","templated":true}]}}