{"id":7439,"date":"2022-08-10T11:58:56","date_gmt":"2022-08-10T09:58:56","guid":{"rendered":"https:\/\/www.tacoandco.fr\/?p=7439"},"modified":"2022-08-10T11:58:57","modified_gmt":"2022-08-10T09:58:57","slug":"jacqueline-salmon-du-2-juillet-au-2-octobre-2022-musee-reattu-a-arles","status":"publish","type":"post","link":"https:\/\/www.tacoandco.fr\/en\/blog\/2022\/08\/10\/jacqueline-salmon-du-2-juillet-au-2-octobre-2022-musee-reattu-a-arles\/","title":{"rendered":"Jacqueline Salmon du 2 juillet au 2 octobre 2022, mus\u00e9e R\u00e9attu, \u00e0 Arles"},"content":{"rendered":"<p>Exposition \u00ab\u00a0Jacqueline Salmon, le point aveugle\u00a0\u00bb, \u00e0 d\u00e9couvrir du 2 juillet au 2 octobre 2022 au mus\u00e9e R\u00e9attu, \u00e0 Arles.<\/p>\n\n\n\n<p>Pour plus d&rsquo;informations: <a href=\"http:\/\/www.museereattu.arles.fr\/salmon-le-point-aveugle.html\">http:\/\/www.museereattu.arles.fr\/salmon-le-point-aveugle.html<\/a><\/p>\n\n\n\n<figure class=\"wp-block-image size-large\"><a href=\"https:\/\/www.tacoandco.fr\/wp-content\/uploads\/2022\/08\/reattu-ete-2022-paysage.jpg\"><img fetchpriority=\"high\" decoding=\"async\" width=\"461\" height=\"1024\" src=\"https:\/\/www.tacoandco.fr\/wp-content\/uploads\/2022\/08\/reattu-ete-2022-paysage-461x1024.jpg\" alt=\"\" class=\"wp-image-7440\" srcset=\"https:\/\/www.tacoandco.fr\/wp-content\/uploads\/2022\/08\/reattu-ete-2022-paysage-461x1024.jpg 461w, https:\/\/www.tacoandco.fr\/wp-content\/uploads\/2022\/08\/reattu-ete-2022-paysage-135x300.jpg 135w, https:\/\/www.tacoandco.fr\/wp-content\/uploads\/2022\/08\/reattu-ete-2022-paysage-768x1707.jpg 768w, https:\/\/www.tacoandco.fr\/wp-content\/uploads\/2022\/08\/reattu-ete-2022-paysage-691x1536.jpg 691w, https:\/\/www.tacoandco.fr\/wp-content\/uploads\/2022\/08\/reattu-ete-2022-paysage-5x12.jpg 5w, https:\/\/www.tacoandco.fr\/wp-content\/uploads\/2022\/08\/reattu-ete-2022-paysage.jpg 900w\" sizes=\"(max-width: 461px) 100vw, 461px\" \/><\/a><\/figure>","protected":false},"excerpt":{"rendered":"<p>Exposition \u00ab\u00a0Jacqueline Salmon, le point aveugle\u00a0\u00bb, \u00e0 d\u00e9couvrir du 2 juillet au 2 octobre 2022 au mus\u00e9e R\u00e9attu, \u00e0 Arles. Pour plus d&rsquo;informations: http:\/\/www.museereattu.arles.fr\/salmon-le-point-aveugle.html<\/p>","protected":false},"author":2,"featured_media":7441,"comment_status":"closed","ping_status":"closed","sticky":false,"template":"","format":"standard","meta":{"footnotes":""},"categories":[3],"tags":[],"class_list":["post-7439","post","type-post","status-publish","format-standard","has-post-thumbnail","hentry","category-actualites","entry","has-media"],"aioseo_notices":[],"_links":{"self":[{"href":"https:\/\/www.tacoandco.fr\/en\/wp-json\/wp\/v2\/posts\/7439","targetHints":{"allow":["GET"]}}],"collection":[{"href":"https:\/\/www.tacoandco.fr\/en\/wp-json\/wp\/v2\/posts"}],"about":[{"href":"https:\/\/www.tacoandco.fr\/en\/wp-json\/wp\/v2\/types\/post"}],"author":[{"embeddable":true,"href":"https:\/\/www.tacoandco.fr\/en\/wp-json\/wp\/v2\/users\/2"}],"replies":[{"embeddable":true,"href":"https:\/\/www.tacoandco.fr\/en\/wp-json\/wp\/v2\/comments?post=7439"}],"version-history":[{"count":1,"href":"https:\/\/www.tacoandco.fr\/en\/wp-json\/wp\/v2\/posts\/7439\/revisions"}],"predecessor-version":[{"id":7442,"href":"https:\/\/www.tacoandco.fr\/en\/wp-json\/wp\/v2\/posts\/7439\/revisions\/7442"}],"wp:featuredmedia":[{"embeddable":true,"href":"https:\/\/www.tacoandco.fr\/en\/wp-json\/wp\/v2\/media\/7441"}],"wp:attachment":[{"href":"https:\/\/www.tacoandco.fr\/en\/wp-json\/wp\/v2\/media?parent=7439"}],"wp:term":[{"taxonomy":"category","embeddable":true,"href":"https:\/\/www.tacoandco.fr\/en\/wp-json\/wp\/v2\/categories?post=7439"},{"taxonomy":"post_tag","embeddable":true,"href":"https:\/\/www.tacoandco.fr\/en\/wp-json\/wp\/v2\/tags?post=7439"}],"curies":[{"name":"wp","href":"https:\/\/api.w.org\/{rel}","templated":true}]}}