{"id":7478,"date":"2022-11-10T14:25:49","date_gmt":"2022-11-10T13:25:49","guid":{"rendered":"https:\/\/www.tacoandco.fr\/?p=7478"},"modified":"2022-11-10T14:25:50","modified_gmt":"2022-11-10T13:25:50","slug":"fondation-van-gogh-a-arles-exposition-nature-humaine-humaine-nature-du-11-novembre-2022-au-10-avril-2023","status":"publish","type":"post","link":"https:\/\/www.tacoandco.fr\/en\/blog\/2022\/11\/10\/fondation-van-gogh-a-arles-exposition-nature-humaine-humaine-nature-du-11-novembre-2022-au-10-avril-2023\/","title":{"rendered":"Fondation Van Gogh \u00e0 Arles: exposition Nature humaine &#8211; Humaine nature \/ du 11 novembre 2022 au 10 avril 2023"},"content":{"rendered":"<p>A Arles, la Fondation Van Gogh propose l&rsquo;exposition Nature Humaine- Humaine nature du 11\/11\/22 au 10\/04\/23<\/p>\n\n\n\n<p><strong>Au Programme:<\/strong><\/p>\n\n\n\n<p><strong>GILLES AILLAUD \u2014\u00a0ED ATKINS \u2014\u00a0VALENTIN CARRON \u2014\u00a0GY\u00c1RF\u00c1S OL\u00c1H<br>SHARA HUGHES \u2014 JOCHEN\u00a0LEMPERT \u2014\u00a0DANIEL STEEGMANN MANGRAN\u00c9<br>OTOBONG NKANGA \u2014 ROBERT RAUSCHENBERG \u2014\u00a0PAMELA ROSENKRANZ<br>GIS\u00c8LE VIENNE \u2014\u00a0YUYAN WANG \u2014\u00a0LUIGI ZUCCHERI \u2014\u00a0VINCENT VAN GOGH<\/strong><\/p>\n\n\n\n<p>Pour en savoir plus: <a href=\"https:\/\/www.fondation-vincentvangogh-arles.org\/expositions\/nature-humaine-humaine-nature\/\">https:\/\/www.fondation-vincentvangogh-arles.org\/expositions\/nature-humaine-humaine-nature\/<\/a><\/p>\n\n\n\n<figure class=\"wp-block-image size-large\"><a href=\"https:\/\/www.tacoandco.fr\/wp-content\/uploads\/2022\/11\/FVG-Nature-humaine-11.22-portrait-scaled.jpeg\"><img fetchpriority=\"high\" decoding=\"async\" width=\"576\" height=\"1024\" src=\"https:\/\/www.tacoandco.fr\/wp-content\/uploads\/2022\/11\/FVG-Nature-humaine-11.22-portrait-576x1024.jpeg\" alt=\"\" class=\"wp-image-7480\" srcset=\"https:\/\/www.tacoandco.fr\/wp-content\/uploads\/2022\/11\/FVG-Nature-humaine-11.22-portrait-576x1024.jpeg 576w, https:\/\/www.tacoandco.fr\/wp-content\/uploads\/2022\/11\/FVG-Nature-humaine-11.22-portrait-169x300.jpeg 169w, https:\/\/www.tacoandco.fr\/wp-content\/uploads\/2022\/11\/FVG-Nature-humaine-11.22-portrait-768x1365.jpeg 768w, https:\/\/www.tacoandco.fr\/wp-content\/uploads\/2022\/11\/FVG-Nature-humaine-11.22-portrait-864x1536.jpeg 864w, https:\/\/www.tacoandco.fr\/wp-content\/uploads\/2022\/11\/FVG-Nature-humaine-11.22-portrait-1152x2048.jpeg 1152w, https:\/\/www.tacoandco.fr\/wp-content\/uploads\/2022\/11\/FVG-Nature-humaine-11.22-portrait-7x12.jpeg 7w, https:\/\/www.tacoandco.fr\/wp-content\/uploads\/2022\/11\/FVG-Nature-humaine-11.22-portrait-scaled.jpeg 1440w\" sizes=\"(max-width: 576px) 100vw, 576px\" \/><\/a><\/figure>","protected":false},"excerpt":{"rendered":"<p>A Arles, la Fondation Van Gogh propose l&rsquo;exposition Nature Humaine- Humaine nature du 11\/11\/22 au 10\/04\/23 Au Programme: GILLES AILLAUD \u2014\u00a0ED ATKINS \u2014\u00a0VALENTIN CARRON \u2014\u00a0GY\u00c1RF\u00c1S OL\u00c1HSHARA HUGHES \u2014 JOCHEN\u00a0LEMPERT \u2014\u00a0DANIEL STEEGMANN MANGRAN\u00c9OTOBONG NKANGA \u2014 ROBERT RAUSCHENBERG \u2014\u00a0PAMELA ROSENKRANZGIS\u00c8LE VIENNE \u2014\u00a0YUYAN WANG \u2014\u00a0LUIGI ZUCCHERI \u2014\u00a0VINCENT VAN GOGH Pour en savoir plus: https:\/\/www.fondation-vincentvangogh-arles.org\/expositions\/nature-humaine-humaine-nature\/<\/p>","protected":false},"author":2,"featured_media":7481,"comment_status":"closed","ping_status":"closed","sticky":false,"template":"","format":"standard","meta":{"footnotes":""},"categories":[3],"tags":[],"class_list":["post-7478","post","type-post","status-publish","format-standard","has-post-thumbnail","hentry","category-actualites","entry","has-media"],"aioseo_notices":[],"_links":{"self":[{"href":"https:\/\/www.tacoandco.fr\/en\/wp-json\/wp\/v2\/posts\/7478","targetHints":{"allow":["GET"]}}],"collection":[{"href":"https:\/\/www.tacoandco.fr\/en\/wp-json\/wp\/v2\/posts"}],"about":[{"href":"https:\/\/www.tacoandco.fr\/en\/wp-json\/wp\/v2\/types\/post"}],"author":[{"embeddable":true,"href":"https:\/\/www.tacoandco.fr\/en\/wp-json\/wp\/v2\/users\/2"}],"replies":[{"embeddable":true,"href":"https:\/\/www.tacoandco.fr\/en\/wp-json\/wp\/v2\/comments?post=7478"}],"version-history":[{"count":1,"href":"https:\/\/www.tacoandco.fr\/en\/wp-json\/wp\/v2\/posts\/7478\/revisions"}],"predecessor-version":[{"id":7482,"href":"https:\/\/www.tacoandco.fr\/en\/wp-json\/wp\/v2\/posts\/7478\/revisions\/7482"}],"wp:featuredmedia":[{"embeddable":true,"href":"https:\/\/www.tacoandco.fr\/en\/wp-json\/wp\/v2\/media\/7481"}],"wp:attachment":[{"href":"https:\/\/www.tacoandco.fr\/en\/wp-json\/wp\/v2\/media?parent=7478"}],"wp:term":[{"taxonomy":"category","embeddable":true,"href":"https:\/\/www.tacoandco.fr\/en\/wp-json\/wp\/v2\/categories?post=7478"},{"taxonomy":"post_tag","embeddable":true,"href":"https:\/\/www.tacoandco.fr\/en\/wp-json\/wp\/v2\/tags?post=7478"}],"curies":[{"name":"wp","href":"https:\/\/api.w.org\/{rel}","templated":true}]}}