{"id":755,"date":"2011-02-22T09:40:37","date_gmt":"2011-02-22T09:40:37","guid":{"rendered":"http:\/\/www.tacoandco.fr\/?p=755"},"modified":"2011-03-01T12:30:21","modified_gmt":"2011-03-01T12:30:21","slug":"feria-de-paques-2011-du-22-au-25-avril-a-arles","status":"publish","type":"post","link":"https:\/\/www.tacoandco.fr\/en\/blog\/2011\/02\/22\/feria-de-paques-2011-du-22-au-25-avril-a-arles\/","title":{"rendered":"F\u00e9ria de P\u00e2ques Arles 2011 du 22 au 25 Avril"},"content":{"rendered":"<p>Taco and Co vous pr\u00e9sente le programme de la f\u00e9ria de p\u00e2ques 2011 \u00e0 Arles qui se d\u00e9roulera du 22 au 25 Avril 2011:<\/p>\n<p><strong>Vendredi 22 Avril :<\/strong><\/p>\n<p>Novillada non piqu\u00e9e : <strong>6 Tierra d\u2019Oc<\/strong> pour Borja Jimenez, Efren Rosales, Paola San Roman, Mojales Balti, Lilian Ferrani et Abel Robles<\/p>\n<p>Corrida de 17h30 : <strong>6 Garcigrande<\/strong> pour El Juli, Manzanares et Tomasito<\/p>\n<p><strong>Samedi 23 Avril:<\/strong><\/p>\n<p>Novillada de 11h : <strong>7 Dos Hermanas<\/strong> pour Noelia Mota, Thomas Dufau, Javier Menez et Juan Leal<\/p>\n<p>Corrida de 17h30 : <strong>6 Nunez del Cuvillo<\/strong> pour Juan Mora, Juan Bautista et El Fandi<\/p>\n<p><strong>Dimanche 24 Avril:<\/strong><\/p>\n<p>Corrida de 11h : <strong>6 Scamandre<\/strong> pour Luis Vilches, Israel Tellez et Marco Leal<\/p>\n<p>Corrida de 17 h : <strong>6 Fuenteymbro<\/strong> pour Victor Puerto, Miguel Abellan et Matias Tejela<\/p>\n<p><strong>Lundi 25 Avril :<\/strong><\/p>\n<p>Corrida de Rejon \u00e0 11h : <strong>6 Bohorquez<\/strong> pour Joaquin Basthinas, Mendoza et Diego Ventura<\/p>\n<p>Corrida de 17h : <strong>6 Miura <\/strong>pour El Fundi, Alberto Aguilar et Mehdi Savalli<\/p>\n<figure id=\"attachment_756\" aria-describedby=\"caption-attachment-756\" style=\"width: 150px\" class=\"wp-caption aligncenter\"><a href=\"http:\/\/www.tacoandco.fr\/wp-content\/uploads\/2011\/02\/F\u00e9ria-P\u00e2ques-2011.jpg\"><img decoding=\"async\" class=\"size-medium wp-image-756\" title=\"Affiche F\u00e9ria P\u00e2ques 2011\" src=\"http:\/\/www.tacoandco.fr\/wp-content\/uploads\/2011\/02\/F\u00e9ria-P\u00e2ques-2011-150x300.jpg\" alt=\"Affiche F\u00e9ria P\u00e2ques 2011\" width=\"150\" height=\"300\" srcset=\"https:\/\/www.tacoandco.fr\/wp-content\/uploads\/2011\/02\/F\u00e9ria-P\u00e2ques-2011-150x300.jpg 150w, https:\/\/www.tacoandco.fr\/wp-content\/uploads\/2011\/02\/F\u00e9ria-P\u00e2ques-2011.jpg 250w\" sizes=\"(max-width: 150px) 100vw, 150px\" \/><\/a><figcaption id=\"caption-attachment-756\" class=\"wp-caption-text\">Affiche F\u00e9ria P\u00e2ques 2011<\/figcaption><\/figure>","protected":false},"excerpt":{"rendered":"<p>Taco and Co vous pr\u00e9sente le programme de la f\u00e9ria de p\u00e2ques 2011 \u00e0 Arles qui se d\u00e9roulera du 22 au 25 Avril 2011: Vendredi 22 Avril : Novillada non piqu\u00e9e : 6 Tierra d\u2019Oc pour Borja Jimenez, Efren Rosales, Paola San Roman, Mojales Balti, Lilian Ferrani et Abel Robles Corrida de 17h30 : 6 [&hellip;]<\/p>","protected":false},"author":2,"featured_media":760,"comment_status":"closed","ping_status":"closed","sticky":false,"template":"","format":"standard","meta":{"footnotes":""},"categories":[4,3,16,15],"tags":[],"class_list":["post-755","post","type-post","status-publish","format-standard","has-post-thumbnail","hentry","category-accueil","category-actualites","category-agendaarles","category-liensutiles","entry","has-media"],"aioseo_notices":[],"_links":{"self":[{"href":"https:\/\/www.tacoandco.fr\/en\/wp-json\/wp\/v2\/posts\/755","targetHints":{"allow":["GET"]}}],"collection":[{"href":"https:\/\/www.tacoandco.fr\/en\/wp-json\/wp\/v2\/posts"}],"about":[{"href":"https:\/\/www.tacoandco.fr\/en\/wp-json\/wp\/v2\/types\/post"}],"author":[{"embeddable":true,"href":"https:\/\/www.tacoandco.fr\/en\/wp-json\/wp\/v2\/users\/2"}],"replies":[{"embeddable":true,"href":"https:\/\/www.tacoandco.fr\/en\/wp-json\/wp\/v2\/comments?post=755"}],"version-history":[{"count":0,"href":"https:\/\/www.tacoandco.fr\/en\/wp-json\/wp\/v2\/posts\/755\/revisions"}],"wp:featuredmedia":[{"embeddable":true,"href":"https:\/\/www.tacoandco.fr\/en\/wp-json\/wp\/v2\/media\/760"}],"wp:attachment":[{"href":"https:\/\/www.tacoandco.fr\/en\/wp-json\/wp\/v2\/media?parent=755"}],"wp:term":[{"taxonomy":"category","embeddable":true,"href":"https:\/\/www.tacoandco.fr\/en\/wp-json\/wp\/v2\/categories?post=755"},{"taxonomy":"post_tag","embeddable":true,"href":"https:\/\/www.tacoandco.fr\/en\/wp-json\/wp\/v2\/tags?post=755"}],"curies":[{"name":"wp","href":"https:\/\/api.w.org\/{rel}","templated":true}]}}