{"id":7604,"date":"2023-02-06T15:54:49","date_gmt":"2023-02-06T14:54:49","guid":{"rendered":"https:\/\/www.tacoandco.fr\/?p=7604"},"modified":"2023-03-14T13:50:00","modified_gmt":"2023-03-14T12:50:00","slug":"formation-sur-la-cyclomobilite-avec-taco-and-co-a-arles","status":"publish","type":"post","link":"https:\/\/www.tacoandco.fr\/en\/blog\/2023\/02\/06\/formation-sur-la-cyclomobilite-avec-taco-and-co-a-arles\/","title":{"rendered":"Formation sur la cyclomobilit\u00e9 avec Taco and Co, \u00e0 Arles"},"content":{"rendered":"<p><em>Comment r\u00e9duire son empreinte carbone&nbsp;professionnelle&nbsp;?&nbsp;Travailler&nbsp;\u00e0 v\u00e9lo bien s\u00fbr!<\/em><\/p>\n\n\n\n<p><strong>Damien Monteux<\/strong>, de chez <strong>Taco and Co<\/strong>, vous propose une formation gratuite pour int\u00e9grer la cyclomobilit\u00e9 dans votre activit\u00e9 professionnelle. \u00c0 l\u2019issue de la formation, vous saurez tout sur la l\u00e9gislation, la s\u00e9curit\u00e9 et les dispositifs pour travailler mieux \u00e0 v\u00e9lo, en g\u00e9rant votre logistique et vos livraisons.<\/p>\n\n\n\n<p>Au programme :<\/p>\n\n\n\n<ul class=\"wp-block-list\"><li>Quel v\u00e9lo choisir ?<\/li><li>Pr\u00e9sentation th\u00e9orique sur le code de la route, la s\u00e9curit\u00e9&nbsp;et le confort \u00e0 v\u00e9lo.<\/li><li>Choix du mat\u00e9riel et des dispositifs d\u2019antivol<\/li><li>Aides financi\u00e8res possibles pour l\u2019achat<\/li><li>Essai de v\u00e9los-cargos<\/li><li>Gestion logistique et transports<\/li><li>Accompagnement individuel<\/li><\/ul>\n\n\n\n<p><strong>Infos<\/strong> :<\/p>\n\n\n\n<p>Dates: <em>1er et 22 mars, 5 avril 2023 &#8211; 15h &#8211; 18h<\/em><\/p>\n\n\n\n<p>Gratuit<\/p>\n\n\n\n<p>Horaires: 15h-18h<\/p>\n\n\n\n<p><em>Bloc 2, 1er \u00e9tage<\/em><br><em>1 rue Ferdinand de Lesseps<\/em><br><em>13200 Arles<\/em><\/p>\n\n\n\n<p><em>Inscriptions<\/em><br><em>Taco&amp;co<\/em><br><em>06 50 29 60 00<\/em><br><a href=\"mailto:contact@tacoandco.fr\"><em>contact@tacoandco.fr<\/em><\/a><br><a href=\"https:\/\/pop-arles.fr\/actions\/formation-sur-la-cyclomobilite\/www.tacoandco.fr\"><em>www.tacoandco.fr<\/em><\/a><\/p>","protected":false},"excerpt":{"rendered":"<p>Comment r\u00e9duire son empreinte carbone&nbsp;professionnelle&nbsp;?&nbsp;Travailler&nbsp;\u00e0 v\u00e9lo bien s\u00fbr! Damien Monteux, de chez Taco and Co, vous propose une formation gratuite pour int\u00e9grer la cyclomobilit\u00e9 dans votre activit\u00e9 professionnelle. \u00c0 l\u2019issue de la formation, vous saurez tout sur la l\u00e9gislation, la s\u00e9curit\u00e9 et les dispositifs pour travailler mieux \u00e0 v\u00e9lo, en g\u00e9rant votre logistique et vos [&hellip;]<\/p>","protected":false},"author":2,"featured_media":0,"comment_status":"closed","ping_status":"closed","sticky":true,"template":"","format":"standard","meta":{"footnotes":""},"categories":[3,1],"tags":[],"class_list":["post-7604","post","type-post","status-publish","format-standard","hentry","category-actualites","category-non-classifiee","entry"],"aioseo_notices":[],"_links":{"self":[{"href":"https:\/\/www.tacoandco.fr\/en\/wp-json\/wp\/v2\/posts\/7604","targetHints":{"allow":["GET"]}}],"collection":[{"href":"https:\/\/www.tacoandco.fr\/en\/wp-json\/wp\/v2\/posts"}],"about":[{"href":"https:\/\/www.tacoandco.fr\/en\/wp-json\/wp\/v2\/types\/post"}],"author":[{"embeddable":true,"href":"https:\/\/www.tacoandco.fr\/en\/wp-json\/wp\/v2\/users\/2"}],"replies":[{"embeddable":true,"href":"https:\/\/www.tacoandco.fr\/en\/wp-json\/wp\/v2\/comments?post=7604"}],"version-history":[{"count":2,"href":"https:\/\/www.tacoandco.fr\/en\/wp-json\/wp\/v2\/posts\/7604\/revisions"}],"predecessor-version":[{"id":7606,"href":"https:\/\/www.tacoandco.fr\/en\/wp-json\/wp\/v2\/posts\/7604\/revisions\/7606"}],"wp:attachment":[{"href":"https:\/\/www.tacoandco.fr\/en\/wp-json\/wp\/v2\/media?parent=7604"}],"wp:term":[{"taxonomy":"category","embeddable":true,"href":"https:\/\/www.tacoandco.fr\/en\/wp-json\/wp\/v2\/categories?post=7604"},{"taxonomy":"post_tag","embeddable":true,"href":"https:\/\/www.tacoandco.fr\/en\/wp-json\/wp\/v2\/tags?post=7604"}],"curies":[{"name":"wp","href":"https:\/\/api.w.org\/{rel}","templated":true}]}}