{"id":7758,"date":"2023-03-29T14:34:29","date_gmt":"2023-03-29T12:34:29","guid":{"rendered":"https:\/\/www.tacoandco.fr\/?p=7758"},"modified":"2023-03-29T14:34:30","modified_gmt":"2023-03-29T12:34:30","slug":"anne-clergue-galerie-a-arles-presente-swan-soto-la-bete-du-vaccares-du-6-04-au-17-06-23","status":"publish","type":"post","link":"https:\/\/www.tacoandco.fr\/en\/blog\/2023\/03\/29\/anne-clergue-galerie-a-arles-presente-swan-soto-la-bete-du-vaccares-du-6-04-au-17-06-23\/","title":{"rendered":"Anne Clergue Galerie \u00e0 Arles pr\u00e9sente Swan Soto, la B\u00eate du Vaccar\u00e8s du 6\/04 au 17\/06\/23"},"content":{"rendered":"<p>Anne Clergue Galerie pr\u00e9sente l&rsquo;exposition Swan Soto, La B\u00eate du Vaccar\u00e8s.<\/p>\n\n\n\n<p>Huiles sur toiles, encres sur papier, emp\u00e8gues, pochoirs r\u00e9hauss\u00e9s et c\u00e9ramiques seront pr\u00e9sent\u00e9s du 6 Avril au 17 Juin 2023.<\/p>\n\n\n\n<p>Horaires d&rsquo;Avril-Mai: du mercredi au samedi de 11h \u00e0 13h et de 15h \u00e0 18h. Sur RDV \u00e0 tout autre moment.<\/p>\n\n\n\n<p>Anne Clergue Galerie, 4 Plan de la Cour \u00e0 Arles &#8211; 0689862402<\/p>\n\n\n\n<p>Vernissage le 6 avril en pr\u00e9sence de l&rsquo;artiste<\/p>\n\n\n\n<p>Pour plus d&rsquo;infos <a href=\"https:\/\/www.anneclergue.fr\/swan-soto#swann-soto-expo-la-bete-du-vaccares-texte\" title=\"\">https:\/\/www.anneclergue.fr\/swan-soto#swann-soto-expo-la-bete-du-vaccares-texte<\/a><\/p>\n\n\n\n<figure class=\"wp-block-image size-large\"><a href=\"https:\/\/www.tacoandco.fr\/wp-content\/uploads\/2023\/03\/clergue-portrait.jpg\"><img fetchpriority=\"high\" decoding=\"async\" width=\"462\" height=\"1024\" src=\"https:\/\/www.tacoandco.fr\/wp-content\/uploads\/2023\/03\/clergue-portrait-462x1024.jpg\" alt=\"\" class=\"wp-image-7784\" srcset=\"https:\/\/www.tacoandco.fr\/wp-content\/uploads\/2023\/03\/clergue-portrait-462x1024.jpg 462w, https:\/\/www.tacoandco.fr\/wp-content\/uploads\/2023\/03\/clergue-portrait-135x300.jpg 135w, https:\/\/www.tacoandco.fr\/wp-content\/uploads\/2023\/03\/clergue-portrait-768x1704.jpg 768w, https:\/\/www.tacoandco.fr\/wp-content\/uploads\/2023\/03\/clergue-portrait-692x1536.jpg 692w, https:\/\/www.tacoandco.fr\/wp-content\/uploads\/2023\/03\/clergue-portrait-5x12.jpg 5w, https:\/\/www.tacoandco.fr\/wp-content\/uploads\/2023\/03\/clergue-portrait.jpg 923w\" sizes=\"(max-width: 462px) 100vw, 462px\" \/><\/a><\/figure>","protected":false},"excerpt":{"rendered":"<p>Anne Clergue Galerie pr\u00e9sente l&rsquo;exposition Swan Soto, La B\u00eate du Vaccar\u00e8s. Huiles sur toiles, encres sur papier, emp\u00e8gues, pochoirs r\u00e9hauss\u00e9s et c\u00e9ramiques seront pr\u00e9sent\u00e9s du 6 Avril au 17 Juin 2023. Horaires d&rsquo;Avril-Mai: du mercredi au samedi de 11h \u00e0 13h et de 15h \u00e0 18h. Sur RDV \u00e0 tout autre moment. Anne Clergue Galerie, [&hellip;]<\/p>","protected":false},"author":2,"featured_media":7785,"comment_status":"closed","ping_status":"closed","sticky":false,"template":"","format":"standard","meta":{"footnotes":""},"categories":[3,1],"tags":[],"class_list":["post-7758","post","type-post","status-publish","format-standard","has-post-thumbnail","hentry","category-actualites","category-non-classifiee","entry","has-media"],"aioseo_notices":[],"_links":{"self":[{"href":"https:\/\/www.tacoandco.fr\/en\/wp-json\/wp\/v2\/posts\/7758","targetHints":{"allow":["GET"]}}],"collection":[{"href":"https:\/\/www.tacoandco.fr\/en\/wp-json\/wp\/v2\/posts"}],"about":[{"href":"https:\/\/www.tacoandco.fr\/en\/wp-json\/wp\/v2\/types\/post"}],"author":[{"embeddable":true,"href":"https:\/\/www.tacoandco.fr\/en\/wp-json\/wp\/v2\/users\/2"}],"replies":[{"embeddable":true,"href":"https:\/\/www.tacoandco.fr\/en\/wp-json\/wp\/v2\/comments?post=7758"}],"version-history":[{"count":2,"href":"https:\/\/www.tacoandco.fr\/en\/wp-json\/wp\/v2\/posts\/7758\/revisions"}],"predecessor-version":[{"id":7786,"href":"https:\/\/www.tacoandco.fr\/en\/wp-json\/wp\/v2\/posts\/7758\/revisions\/7786"}],"wp:featuredmedia":[{"embeddable":true,"href":"https:\/\/www.tacoandco.fr\/en\/wp-json\/wp\/v2\/media\/7785"}],"wp:attachment":[{"href":"https:\/\/www.tacoandco.fr\/en\/wp-json\/wp\/v2\/media?parent=7758"}],"wp:term":[{"taxonomy":"category","embeddable":true,"href":"https:\/\/www.tacoandco.fr\/en\/wp-json\/wp\/v2\/categories?post=7758"},{"taxonomy":"post_tag","embeddable":true,"href":"https:\/\/www.tacoandco.fr\/en\/wp-json\/wp\/v2\/tags?post=7758"}],"curies":[{"name":"wp","href":"https:\/\/api.w.org\/{rel}","templated":true}]}}