{"id":7792,"date":"2023-03-30T14:18:24","date_gmt":"2023-03-30T12:18:24","guid":{"rendered":"https:\/\/www.tacoandco.fr\/?p=7792"},"modified":"2023-03-30T14:18:25","modified_gmt":"2023-03-30T12:18:25","slug":"apres-la-feria-je-rentre-avec-envia-2","status":"publish","type":"post","link":"https:\/\/www.tacoandco.fr\/en\/blog\/2023\/03\/30\/apres-la-feria-je-rentre-avec-envia-2\/","title":{"rendered":"Apr\u00e8s la F\u00e9ria, je rentre avec Envia"},"content":{"rendered":"<p>Pendant la<strong> F\u00e9ria d&rsquo;Arles<\/strong>, en plus du dispositif de jour, des navettes de nuit sont mises en place gratuitement du 7 au 9 avril 2023, au d\u00e9part de Gabriel P\u00e9ri, \u00e0 minuit, 2h et 4h.<\/p>\n\n\n\n<p>Les navettes desservent: Mas Thibert (via Pont de Crau), Salin de Giraud (via Gageron &amp; Sambuc), Saint-Martin-de-Crau (via Raph\u00e8le &amp; Moul\u00e8s), Tarascon (via \u00e0 la demande Boulbon &amp; St-Pierre de M\u00e9zoargues), Saintes-Maries-de-la-Mer (via Albaron)<\/p>\n\n\n\n<p>Pour plus d&rsquo;infos <a href=\"https:\/\/www.tout-envia.com\/\" title=\"\">https:\/\/www.tout-envia.com\/<\/a><\/p>\n\n\n\n<figure class=\"wp-block-image size-large\"><a href=\"https:\/\/www.tacoandco.fr\/wp-content\/uploads\/2023\/03\/envia-feria-portrait.jpg\"><img fetchpriority=\"high\" decoding=\"async\" width=\"576\" height=\"1024\" src=\"https:\/\/www.tacoandco.fr\/wp-content\/uploads\/2023\/03\/envia-feria-portrait-576x1024.jpg\" alt=\"\" class=\"wp-image-7793\" srcset=\"https:\/\/www.tacoandco.fr\/wp-content\/uploads\/2023\/03\/envia-feria-portrait-576x1024.jpg 576w, https:\/\/www.tacoandco.fr\/wp-content\/uploads\/2023\/03\/envia-feria-portrait-169x300.jpg 169w, https:\/\/www.tacoandco.fr\/wp-content\/uploads\/2023\/03\/envia-feria-portrait-768x1365.jpg 768w, https:\/\/www.tacoandco.fr\/wp-content\/uploads\/2023\/03\/envia-feria-portrait-864x1536.jpg 864w, https:\/\/www.tacoandco.fr\/wp-content\/uploads\/2023\/03\/envia-feria-portrait-7x12.jpg 7w, https:\/\/www.tacoandco.fr\/wp-content\/uploads\/2023\/03\/envia-feria-portrait.jpg 900w\" sizes=\"(max-width: 576px) 100vw, 576px\" \/><\/a><\/figure>","protected":false},"excerpt":{"rendered":"<p>Pendant la F\u00e9ria d&rsquo;Arles, en plus du dispositif de jour, des navettes de nuit sont mises en place gratuitement du 7 au 9 avril 2023, au d\u00e9part de Gabriel P\u00e9ri, \u00e0 minuit, 2h et 4h. Les navettes desservent: Mas Thibert (via Pont de Crau), Salin de Giraud (via Gageron &amp; Sambuc), Saint-Martin-de-Crau (via Raph\u00e8le &amp; [&hellip;]<\/p>","protected":false},"author":2,"featured_media":7794,"comment_status":"closed","ping_status":"closed","sticky":false,"template":"","format":"standard","meta":{"footnotes":""},"categories":[3],"tags":[],"class_list":["post-7792","post","type-post","status-publish","format-standard","has-post-thumbnail","hentry","category-actualites","entry","has-media"],"aioseo_notices":[],"_links":{"self":[{"href":"https:\/\/www.tacoandco.fr\/en\/wp-json\/wp\/v2\/posts\/7792","targetHints":{"allow":["GET"]}}],"collection":[{"href":"https:\/\/www.tacoandco.fr\/en\/wp-json\/wp\/v2\/posts"}],"about":[{"href":"https:\/\/www.tacoandco.fr\/en\/wp-json\/wp\/v2\/types\/post"}],"author":[{"embeddable":true,"href":"https:\/\/www.tacoandco.fr\/en\/wp-json\/wp\/v2\/users\/2"}],"replies":[{"embeddable":true,"href":"https:\/\/www.tacoandco.fr\/en\/wp-json\/wp\/v2\/comments?post=7792"}],"version-history":[{"count":1,"href":"https:\/\/www.tacoandco.fr\/en\/wp-json\/wp\/v2\/posts\/7792\/revisions"}],"predecessor-version":[{"id":7795,"href":"https:\/\/www.tacoandco.fr\/en\/wp-json\/wp\/v2\/posts\/7792\/revisions\/7795"}],"wp:featuredmedia":[{"embeddable":true,"href":"https:\/\/www.tacoandco.fr\/en\/wp-json\/wp\/v2\/media\/7794"}],"wp:attachment":[{"href":"https:\/\/www.tacoandco.fr\/en\/wp-json\/wp\/v2\/media?parent=7792"}],"wp:term":[{"taxonomy":"category","embeddable":true,"href":"https:\/\/www.tacoandco.fr\/en\/wp-json\/wp\/v2\/categories?post=7792"},{"taxonomy":"post_tag","embeddable":true,"href":"https:\/\/www.tacoandco.fr\/en\/wp-json\/wp\/v2\/tags?post=7792"}],"curies":[{"name":"wp","href":"https:\/\/api.w.org\/{rel}","templated":true}]}}