{"id":8080,"date":"2023-05-11T14:42:28","date_gmt":"2023-05-11T12:42:28","guid":{"rendered":"https:\/\/www.tacoandco.fr\/?p=8080"},"modified":"2023-05-11T14:42:28","modified_gmt":"2023-05-11T12:42:28","slug":"la-nuit-europeenne-des-musees-darles-samedi-13-mai-2023-de-18h-a-minuit-gratuit","status":"publish","type":"post","link":"https:\/\/www.tacoandco.fr\/en\/blog\/2023\/05\/11\/la-nuit-europeenne-des-musees-darles-samedi-13-mai-2023-de-18h-a-minuit-gratuit\/","title":{"rendered":"La Nuit europ\u00e9enne des mus\u00e9es d&rsquo;Arles &#8211; samedi 13 mai 2023 de 18h \u00e0 minuit &#8211; Gratuit"},"content":{"rendered":"<p>Rendez-vous le <strong>samedi 13 mai<\/strong> <strong>2023<\/strong> de 18h \u00e0 minuit, pour la\u00a0<strong>Nuit europ\u00e9enne des mus\u00e9es d&rsquo;Arles<\/strong>. Ev\u00e8nement <strong>GRATUIT<\/strong><\/p>\n\n\n\n<p>Au programme: <strong>visites guid\u00e9es, visites libres ou parcours \u00e0 th\u00e8me<\/strong>, <strong>projections, lectures, concerts et spectacles<\/strong>.<\/p>\n\n\n\n<p><strong>Lieux concern\u00e9s<\/strong>:<br>&#8211; Mus\u00e9e d\u00e9partemental Arles antique<br>&#8211; Museon Arlaten &#8211; Mus\u00e9e de Provence<br>&#8211; Mus\u00e9e R\u00e9attu<br>&#8211; Fondation Vincent van Gogh Arles<br>&#8211; Mus\u00e9e de la Camargue<br>&#8211; LUMA Arles<br>&#8211; Lee Ufan Arles<br>&#8211; Lieux d&rsquo;exposition Arles Contemporain<\/p>\n\n\n\n<p><strong>Le transport est \u00e9galement gratuit<\/strong> pour se d\u00e9placer entre les diff\u00e9rents mus\u00e9es: <\/p>\n\n\n\n<p><strong>Navette ligne A<\/strong> (depuis parking des Minimes > Mus\u00e9e Arles Antique, via Luma et Cl\u00e9menceau) de 19h \u00e0 1h, toutes les 20 mn<\/p>\n\n\n\n<p><strong>Car sp\u00e9cial mus\u00e9e de la Camargue<\/strong> (depuis Cl\u00e9menceau) de 19h \u00e0 23h, toutes les 40 mn<\/p>\n\n\n\n<p><strong>V\u00e9lo triporteur Hopla!<\/strong> (depuis Cl\u00e9menceau > Mus\u00e9e R\u00e9attu \/ Museon Arlaten (A la carte!) de 19h \u00e0 1h, toutes les 20 mn<\/p>\n\n\n\n<p>Pour plus d&rsquo;infos <a href=\"https:\/\/www.facebook.com\/nuitdesmuseesArles\/\" title=\"\">https:\/\/www.facebook.com\/nuitdesmuseesArles\/<\/a> et <a href=\"https:\/\/www.tout-envia.com\/\" title=\"\">https:\/\/www.tout-envia.com\/<\/a><\/p>\n\n\n\n<figure class=\"wp-block-image size-large\"><a href=\"https:\/\/www.tacoandco.fr\/wp-content\/uploads\/2023\/05\/nuit-des-musees-2023-portrait-1.jpg\"><img fetchpriority=\"high\" decoding=\"async\" width=\"576\" height=\"1024\" src=\"https:\/\/www.tacoandco.fr\/wp-content\/uploads\/2023\/05\/nuit-des-musees-2023-portrait-1-576x1024.jpg\" alt=\"\" class=\"wp-image-8081\" srcset=\"https:\/\/www.tacoandco.fr\/wp-content\/uploads\/2023\/05\/nuit-des-musees-2023-portrait-1-576x1024.jpg 576w, https:\/\/www.tacoandco.fr\/wp-content\/uploads\/2023\/05\/nuit-des-musees-2023-portrait-1-169x300.jpg 169w, https:\/\/www.tacoandco.fr\/wp-content\/uploads\/2023\/05\/nuit-des-musees-2023-portrait-1-768x1365.jpg 768w, https:\/\/www.tacoandco.fr\/wp-content\/uploads\/2023\/05\/nuit-des-musees-2023-portrait-1-864x1536.jpg 864w, https:\/\/www.tacoandco.fr\/wp-content\/uploads\/2023\/05\/nuit-des-musees-2023-portrait-1-7x12.jpg 7w, https:\/\/www.tacoandco.fr\/wp-content\/uploads\/2023\/05\/nuit-des-musees-2023-portrait-1.jpg 1152w\" sizes=\"(max-width: 576px) 100vw, 576px\" \/><\/a><\/figure>","protected":false},"excerpt":{"rendered":"<p>Rendez-vous le samedi 13 mai 2023 de 18h \u00e0 minuit, pour la\u00a0Nuit europ\u00e9enne des mus\u00e9es d&rsquo;Arles. Ev\u00e8nement GRATUIT Au programme: visites guid\u00e9es, visites libres ou parcours \u00e0 th\u00e8me, projections, lectures, concerts et spectacles. Lieux concern\u00e9s:&#8211; Mus\u00e9e d\u00e9partemental Arles antique&#8211; Museon Arlaten &#8211; Mus\u00e9e de Provence&#8211; Mus\u00e9e R\u00e9attu&#8211; Fondation Vincent van Gogh Arles&#8211; Mus\u00e9e de la [&hellip;]<\/p>","protected":false},"author":2,"featured_media":8082,"comment_status":"closed","ping_status":"closed","sticky":false,"template":"","format":"standard","meta":{"footnotes":""},"categories":[3],"tags":[],"class_list":["post-8080","post","type-post","status-publish","format-standard","has-post-thumbnail","hentry","category-actualites","entry","has-media"],"aioseo_notices":[],"_links":{"self":[{"href":"https:\/\/www.tacoandco.fr\/en\/wp-json\/wp\/v2\/posts\/8080","targetHints":{"allow":["GET"]}}],"collection":[{"href":"https:\/\/www.tacoandco.fr\/en\/wp-json\/wp\/v2\/posts"}],"about":[{"href":"https:\/\/www.tacoandco.fr\/en\/wp-json\/wp\/v2\/types\/post"}],"author":[{"embeddable":true,"href":"https:\/\/www.tacoandco.fr\/en\/wp-json\/wp\/v2\/users\/2"}],"replies":[{"embeddable":true,"href":"https:\/\/www.tacoandco.fr\/en\/wp-json\/wp\/v2\/comments?post=8080"}],"version-history":[{"count":4,"href":"https:\/\/www.tacoandco.fr\/en\/wp-json\/wp\/v2\/posts\/8080\/revisions"}],"predecessor-version":[{"id":8086,"href":"https:\/\/www.tacoandco.fr\/en\/wp-json\/wp\/v2\/posts\/8080\/revisions\/8086"}],"wp:featuredmedia":[{"embeddable":true,"href":"https:\/\/www.tacoandco.fr\/en\/wp-json\/wp\/v2\/media\/8082"}],"wp:attachment":[{"href":"https:\/\/www.tacoandco.fr\/en\/wp-json\/wp\/v2\/media?parent=8080"}],"wp:term":[{"taxonomy":"category","embeddable":true,"href":"https:\/\/www.tacoandco.fr\/en\/wp-json\/wp\/v2\/categories?post=8080"},{"taxonomy":"post_tag","embeddable":true,"href":"https:\/\/www.tacoandco.fr\/en\/wp-json\/wp\/v2\/tags?post=8080"}],"curies":[{"name":"wp","href":"https:\/\/api.w.org\/{rel}","templated":true}]}}