{"id":8100,"date":"2023-05-30T10:04:40","date_gmt":"2023-05-30T08:04:40","guid":{"rendered":"https:\/\/www.tacoandco.fr\/?p=8100"},"modified":"2023-05-30T10:04:41","modified_gmt":"2023-05-30T08:04:41","slug":"jacques-leonard-au-musee-reattu-a-arles-du-27-05-au-1-10-2023","status":"publish","type":"post","link":"https:\/\/www.tacoandco.fr\/en\/blog\/2023\/05\/30\/jacques-leonard-au-musee-reattu-a-arles-du-27-05-au-1-10-2023\/","title":{"rendered":"Jacques L\u00e9onard au Mus\u00e9e R\u00e9attu \u00e0 Arles du 27\/05 au 1\/10\/2023"},"content":{"rendered":"<p><\/p>\n\n\n\n<p><strong>A Arles, le mus\u00e9e R\u00e9attu <\/strong>expose, en partenariat avec la Fundaci\u00f3n Photographic Social Vision, le travail peu connu en France de<strong> Jacques L\u00e9onard<\/strong>, avec une s\u00e9lection de plus de 150 photographies.<\/p>\n\n\n\n<p>Ses images, d\u2019une veine tr\u00e8s humaniste, rendent compte de la vie citadine : rues, march\u00e9s, f\u00eates, parcs d\u2019attractions, sport, foires, port et front de mer marqu\u00e9 par le d\u00e9veloppement du tourisme\u2026<\/p>\n\n\n\n<p>Son mariage avec Rosario Amaya, gitane du quartier de Montju\u00efc, lui ouvre les portes de sa communaut\u00e9. Portant sur elle le regard d\u2019un membre de la famille, ses images constituent l\u2019une des collections les plus importantes sur la culture gitane.<\/p>\n\n\n\n<p><strong>A d\u00e9couvrir du 27 mai au 1er octobre 2023<\/strong><\/p>\n\n\n\n<p>Pour plus d&rsquo;infos <a href=\"http:\/\/www.museereattu.arles.fr\/jacques-leonard-esprit-nomade.html\" title=\"\">http:\/\/www.museereattu.arles.fr\/jacques-leonard-esprit-nomade.html<\/a><\/p>\n\n\n\n<figure class=\"wp-block-image size-large\"><a href=\"https:\/\/www.tacoandco.fr\/wp-content\/uploads\/2023\/05\/reattu-portrait-mai-23.jpg\"><img fetchpriority=\"high\" decoding=\"async\" width=\"768\" height=\"1024\" src=\"https:\/\/www.tacoandco.fr\/wp-content\/uploads\/2023\/05\/reattu-portrait-mai-23-768x1024.jpg\" alt=\"\" class=\"wp-image-8104\" srcset=\"https:\/\/www.tacoandco.fr\/wp-content\/uploads\/2023\/05\/reattu-portrait-mai-23-768x1023.jpg 768w, https:\/\/www.tacoandco.fr\/wp-content\/uploads\/2023\/05\/reattu-portrait-mai-23-225x300.jpg 225w, https:\/\/www.tacoandco.fr\/wp-content\/uploads\/2023\/05\/reattu-portrait-mai-23-1153x1536.jpg 1153w, https:\/\/www.tacoandco.fr\/wp-content\/uploads\/2023\/05\/reattu-portrait-mai-23-9x12.jpg 9w, https:\/\/www.tacoandco.fr\/wp-content\/uploads\/2023\/05\/reattu-portrait-mai-23.jpg 1200w\" sizes=\"(max-width: 768px) 100vw, 768px\" \/><\/a><\/figure>","protected":false},"excerpt":{"rendered":"<p>A Arles, le mus\u00e9e R\u00e9attu expose, en partenariat avec la Fundaci\u00f3n Photographic Social Vision, le travail peu connu en France de Jacques L\u00e9onard, avec une s\u00e9lection de plus de 150 photographies. Ses images, d\u2019une veine tr\u00e8s humaniste, rendent compte de la vie citadine : rues, march\u00e9s, f\u00eates, parcs d\u2019attractions, sport, foires, port et front de [&hellip;]<\/p>","protected":false},"author":2,"featured_media":8105,"comment_status":"closed","ping_status":"closed","sticky":false,"template":"","format":"standard","meta":{"footnotes":""},"categories":[3],"tags":[],"class_list":["post-8100","post","type-post","status-publish","format-standard","has-post-thumbnail","hentry","category-actualites","entry","has-media"],"aioseo_notices":[],"_links":{"self":[{"href":"https:\/\/www.tacoandco.fr\/en\/wp-json\/wp\/v2\/posts\/8100","targetHints":{"allow":["GET"]}}],"collection":[{"href":"https:\/\/www.tacoandco.fr\/en\/wp-json\/wp\/v2\/posts"}],"about":[{"href":"https:\/\/www.tacoandco.fr\/en\/wp-json\/wp\/v2\/types\/post"}],"author":[{"embeddable":true,"href":"https:\/\/www.tacoandco.fr\/en\/wp-json\/wp\/v2\/users\/2"}],"replies":[{"embeddable":true,"href":"https:\/\/www.tacoandco.fr\/en\/wp-json\/wp\/v2\/comments?post=8100"}],"version-history":[{"count":3,"href":"https:\/\/www.tacoandco.fr\/en\/wp-json\/wp\/v2\/posts\/8100\/revisions"}],"predecessor-version":[{"id":8106,"href":"https:\/\/www.tacoandco.fr\/en\/wp-json\/wp\/v2\/posts\/8100\/revisions\/8106"}],"wp:featuredmedia":[{"embeddable":true,"href":"https:\/\/www.tacoandco.fr\/en\/wp-json\/wp\/v2\/media\/8105"}],"wp:attachment":[{"href":"https:\/\/www.tacoandco.fr\/en\/wp-json\/wp\/v2\/media?parent=8100"}],"wp:term":[{"taxonomy":"category","embeddable":true,"href":"https:\/\/www.tacoandco.fr\/en\/wp-json\/wp\/v2\/categories?post=8100"},{"taxonomy":"post_tag","embeddable":true,"href":"https:\/\/www.tacoandco.fr\/en\/wp-json\/wp\/v2\/tags?post=8100"}],"curies":[{"name":"wp","href":"https:\/\/api.w.org\/{rel}","templated":true}]}}