{"id":8146,"date":"2023-07-22T20:11:30","date_gmt":"2023-07-22T18:11:30","guid":{"rendered":"https:\/\/www.tacoandco.fr\/?p=8146"},"modified":"2023-07-22T20:11:30","modified_gmt":"2023-07-22T18:11:30","slug":"4eme-edition-du-festival-agir-pour-le-vivant-a-arles-du-21-au-27-aout-2023","status":"publish","type":"post","link":"https:\/\/www.tacoandco.fr\/en\/blog\/2023\/07\/22\/4eme-edition-du-festival-agir-pour-le-vivant-a-arles-du-21-au-27-aout-2023\/","title":{"rendered":"4\u00e8me \u00e9dition du festival Agir pour le vivant, \u00e0 Arles, du 21 au 27 ao\u00fbt 2023"},"content":{"rendered":"<p><strong> 4\u00e8me \u00e9dition du festival Agir pour le vivant du 21 au 27 ao\u00fbt 2023 \u00e0 Arles<\/strong><\/p>\n\n\n\n<p>Cette ann\u00e9e, <strong>Agir pour le vivant<\/strong> souhaite plus que jamais \u00eatre le lieu\u00a0<strong>rassemblement et d\u2019engagement citoyen<\/strong>, toute g\u00e9n\u00e9ration confondue.\u00a0 Une programmation riche de d\u00e9bats, de rencontres, de soir\u00e9es, de formats plus participatifs; construite autour d\u2019une constellation de th\u00e9matiques:\u00a0 Sentir-penser avec la Terre, vers un devenir pluriversel, Faire corps, L\u2019\u00e9cologie sociale, La g\u00e9opolitique de la Terre et La circulation des savoirs.<\/p>\n\n\n\n<p>Plus d&rsquo;infos <a href=\"https:\/\/agirpourlevivant.fr\/#\" title=\"\">https:\/\/agirpourlevivant.fr\/#<\/a>\u00a0<\/p>\n\n\n\n<figure class=\"wp-block-image size-large\"><a href=\"https:\/\/www.tacoandco.fr\/wp-content\/uploads\/2023\/07\/agir-pour-le-vivant-paysage-2023.jpg\"><img fetchpriority=\"high\" decoding=\"async\" width=\"1024\" height=\"771\" src=\"https:\/\/www.tacoandco.fr\/wp-content\/uploads\/2023\/07\/agir-pour-le-vivant-paysage-2023-1024x771.jpg\" alt=\"\" class=\"wp-image-8147\" srcset=\"https:\/\/www.tacoandco.fr\/wp-content\/uploads\/2023\/07\/agir-pour-le-vivant-paysage-2023-1024x771.jpg 1024w, https:\/\/www.tacoandco.fr\/wp-content\/uploads\/2023\/07\/agir-pour-le-vivant-paysage-2023-300x226.jpg 300w, https:\/\/www.tacoandco.fr\/wp-content\/uploads\/2023\/07\/agir-pour-le-vivant-paysage-2023-768x578.jpg 768w, https:\/\/www.tacoandco.fr\/wp-content\/uploads\/2023\/07\/agir-pour-le-vivant-paysage-2023-1536x1157.jpg 1536w, https:\/\/www.tacoandco.fr\/wp-content\/uploads\/2023\/07\/agir-pour-le-vivant-paysage-2023-16x12.jpg 16w, https:\/\/www.tacoandco.fr\/wp-content\/uploads\/2023\/07\/agir-pour-le-vivant-paysage-2023.jpg 1600w\" sizes=\"(max-width: 1024px) 100vw, 1024px\" \/><\/a><\/figure>","protected":false},"excerpt":{"rendered":"<p>4\u00e8me \u00e9dition du festival Agir pour le vivant du 21 au 27 ao\u00fbt 2023 \u00e0 Arles Cette ann\u00e9e, Agir pour le vivant souhaite plus que jamais \u00eatre le lieu\u00a0rassemblement et d\u2019engagement citoyen, toute g\u00e9n\u00e9ration confondue.\u00a0 Une programmation riche de d\u00e9bats, de rencontres, de soir\u00e9es, de formats plus participatifs; construite autour d\u2019une constellation de th\u00e9matiques:\u00a0 Sentir-penser [&hellip;]<\/p>","protected":false},"author":2,"featured_media":8148,"comment_status":"closed","ping_status":"closed","sticky":false,"template":"","format":"standard","meta":{"footnotes":""},"categories":[3],"tags":[],"class_list":["post-8146","post","type-post","status-publish","format-standard","has-post-thumbnail","hentry","category-actualites","entry","has-media"],"aioseo_notices":[],"_links":{"self":[{"href":"https:\/\/www.tacoandco.fr\/en\/wp-json\/wp\/v2\/posts\/8146","targetHints":{"allow":["GET"]}}],"collection":[{"href":"https:\/\/www.tacoandco.fr\/en\/wp-json\/wp\/v2\/posts"}],"about":[{"href":"https:\/\/www.tacoandco.fr\/en\/wp-json\/wp\/v2\/types\/post"}],"author":[{"embeddable":true,"href":"https:\/\/www.tacoandco.fr\/en\/wp-json\/wp\/v2\/users\/2"}],"replies":[{"embeddable":true,"href":"https:\/\/www.tacoandco.fr\/en\/wp-json\/wp\/v2\/comments?post=8146"}],"version-history":[{"count":1,"href":"https:\/\/www.tacoandco.fr\/en\/wp-json\/wp\/v2\/posts\/8146\/revisions"}],"predecessor-version":[{"id":8149,"href":"https:\/\/www.tacoandco.fr\/en\/wp-json\/wp\/v2\/posts\/8146\/revisions\/8149"}],"wp:featuredmedia":[{"embeddable":true,"href":"https:\/\/www.tacoandco.fr\/en\/wp-json\/wp\/v2\/media\/8148"}],"wp:attachment":[{"href":"https:\/\/www.tacoandco.fr\/en\/wp-json\/wp\/v2\/media?parent=8146"}],"wp:term":[{"taxonomy":"category","embeddable":true,"href":"https:\/\/www.tacoandco.fr\/en\/wp-json\/wp\/v2\/categories?post=8146"},{"taxonomy":"post_tag","embeddable":true,"href":"https:\/\/www.tacoandco.fr\/en\/wp-json\/wp\/v2\/tags?post=8146"}],"curies":[{"name":"wp","href":"https:\/\/api.w.org\/{rel}","templated":true}]}}