{"id":8155,"date":"2023-07-25T16:41:15","date_gmt":"2023-07-25T14:41:15","guid":{"rendered":"https:\/\/www.tacoandco.fr\/?p=8155"},"modified":"2023-07-25T16:41:16","modified_gmt":"2023-07-25T14:41:16","slug":"mucem-10-ans-du-2-juin-2023-au-2-juin-2024-marseille","status":"publish","type":"post","link":"https:\/\/www.tacoandco.fr\/en\/blog\/2023\/07\/25\/mucem-10-ans-du-2-juin-2023-au-2-juin-2024-marseille\/","title":{"rendered":"Mucem 10 ans\/ du 2 juin 2023 au 2 juin 2024\/ Marseille"},"content":{"rendered":"<p>Inaugur\u00e9 le 4 juin 2013, le <strong>Mucem<\/strong> f\u00eate ses 10 ans.<br><br><strong>De juin 2023 \u00e0 juin 2024<\/strong>, ce sont 10 rendez-vous exceptionnels qui vont rythmer l\u2019ann\u00e9e de c\u00e9l\u00e9brations : grandes f\u00eates, expositions in\u00e9dites, moments de partage et de r\u00e9flexion.<\/p>\n\n\n\n<p>Ils s\u2019ajoutent \u00e0 la programmation r\u00e9guli\u00e8re du mus\u00e9e et seront les v\u00e9ritables temps forts de cette ann\u00e9e anniversaire.<\/p>\n\n\n\n<p>Pour en savoir plus <a href=\"https:\/\/www.mucem.org\/programme\/exposition-et-temps-fort\/mucem-10-ans\" title=\"\">https:\/\/www.mucem.org\/programme\/exposition-et-temps-fort\/mucem-10-ans<\/a><\/p>\n\n\n\n<figure class=\"wp-block-image size-large\"><a href=\"https:\/\/www.tacoandco.fr\/wp-content\/uploads\/2023\/07\/mucem-portrait-2023.jpg\"><img fetchpriority=\"high\" decoding=\"async\" width=\"768\" height=\"1024\" src=\"https:\/\/www.tacoandco.fr\/wp-content\/uploads\/2023\/07\/mucem-portrait-2023-768x1024.jpg\" alt=\"\" class=\"wp-image-8156\" srcset=\"https:\/\/www.tacoandco.fr\/wp-content\/uploads\/2023\/07\/mucem-portrait-2023-768x1024.jpg 768w, https:\/\/www.tacoandco.fr\/wp-content\/uploads\/2023\/07\/mucem-portrait-2023-225x300.jpg 225w, https:\/\/www.tacoandco.fr\/wp-content\/uploads\/2023\/07\/mucem-portrait-2023-1152x1536.jpg 1152w, https:\/\/www.tacoandco.fr\/wp-content\/uploads\/2023\/07\/mucem-portrait-2023-9x12.jpg 9w, https:\/\/www.tacoandco.fr\/wp-content\/uploads\/2023\/07\/mucem-portrait-2023.jpg 1200w\" sizes=\"(max-width: 768px) 100vw, 768px\" \/><\/a><\/figure>","protected":false},"excerpt":{"rendered":"<p>Inaugur\u00e9 le 4 juin 2013, le Mucem f\u00eate ses 10 ans. De juin 2023 \u00e0 juin 2024, ce sont 10 rendez-vous exceptionnels qui vont rythmer l\u2019ann\u00e9e de c\u00e9l\u00e9brations : grandes f\u00eates, expositions in\u00e9dites, moments de partage et de r\u00e9flexion. Ils s\u2019ajoutent \u00e0 la programmation r\u00e9guli\u00e8re du mus\u00e9e et seront les v\u00e9ritables temps forts de cette [&hellip;]<\/p>","protected":false},"author":2,"featured_media":8157,"comment_status":"closed","ping_status":"closed","sticky":false,"template":"","format":"standard","meta":{"footnotes":""},"categories":[3],"tags":[],"class_list":["post-8155","post","type-post","status-publish","format-standard","has-post-thumbnail","hentry","category-actualites","entry","has-media"],"aioseo_notices":[],"_links":{"self":[{"href":"https:\/\/www.tacoandco.fr\/en\/wp-json\/wp\/v2\/posts\/8155","targetHints":{"allow":["GET"]}}],"collection":[{"href":"https:\/\/www.tacoandco.fr\/en\/wp-json\/wp\/v2\/posts"}],"about":[{"href":"https:\/\/www.tacoandco.fr\/en\/wp-json\/wp\/v2\/types\/post"}],"author":[{"embeddable":true,"href":"https:\/\/www.tacoandco.fr\/en\/wp-json\/wp\/v2\/users\/2"}],"replies":[{"embeddable":true,"href":"https:\/\/www.tacoandco.fr\/en\/wp-json\/wp\/v2\/comments?post=8155"}],"version-history":[{"count":1,"href":"https:\/\/www.tacoandco.fr\/en\/wp-json\/wp\/v2\/posts\/8155\/revisions"}],"predecessor-version":[{"id":8158,"href":"https:\/\/www.tacoandco.fr\/en\/wp-json\/wp\/v2\/posts\/8155\/revisions\/8158"}],"wp:featuredmedia":[{"embeddable":true,"href":"https:\/\/www.tacoandco.fr\/en\/wp-json\/wp\/v2\/media\/8157"}],"wp:attachment":[{"href":"https:\/\/www.tacoandco.fr\/en\/wp-json\/wp\/v2\/media?parent=8155"}],"wp:term":[{"taxonomy":"category","embeddable":true,"href":"https:\/\/www.tacoandco.fr\/en\/wp-json\/wp\/v2\/categories?post=8155"},{"taxonomy":"post_tag","embeddable":true,"href":"https:\/\/www.tacoandco.fr\/en\/wp-json\/wp\/v2\/tags?post=8155"}],"curies":[{"name":"wp","href":"https:\/\/api.w.org\/{rel}","templated":true}]}}