{"id":8160,"date":"2023-08-01T12:05:37","date_gmt":"2023-08-01T10:05:37","guid":{"rendered":"https:\/\/www.tacoandco.fr\/?p=8160"},"modified":"2023-08-01T12:08:23","modified_gmt":"2023-08-01T10:08:23","slug":"exposition-portraits-musee-reattu-a-arles-1-07-1-10-23","status":"publish","type":"post","link":"https:\/\/www.tacoandco.fr\/en\/blog\/2023\/08\/01\/exposition-portraits-musee-reattu-a-arles-1-07-1-10-23\/","title":{"rendered":"Exposition \u00ab\u00a0Portraits\u00a0\u00bb Mus\u00e9e R\u00e9attu \u00e0 Arles du 1\/07 au 1\/10\/23"},"content":{"rendered":"<p>Exposition \u00ab\u00a0Portraits\u00a0\u00bb au Mus\u00e9e R\u00e9attu: la collection Florence et Damien Bachelot<\/p>\n\n\n\n<p>Jusqu\u2019au 1er octobre 2023, se tient au R\u00e9attu d\u2019Arles une exposition intitul\u00e9e&nbsp;Portraits&nbsp;qui propose 120 \u00e9preuves photographiques du fonds Bachelot.<\/p>\n\n\n\n<p>A d\u00e9couvrir du 1er juillet au 1er octobre 2023<\/p>\n\n\n\n<p>Plus d&rsquo;infos <a href=\"http:\/\/www.museereattu.arles.fr\/portraits-bachelot.html\" title=\"\">http:\/\/www.museereattu.arles.fr\/portraits-bachelot.html<\/a><\/p>\n\n\n\n<figure class=\"wp-block-image size-large\"><a href=\"https:\/\/www.tacoandco.fr\/wp-content\/uploads\/2023\/08\/Reattu-Portraits-portrait-2023.jpg\"><img fetchpriority=\"high\" decoding=\"async\" width=\"768\" height=\"1024\" src=\"https:\/\/www.tacoandco.fr\/wp-content\/uploads\/2023\/08\/Reattu-Portraits-portrait-2023-768x1024.jpg\" alt=\"\" class=\"wp-image-8161\" srcset=\"https:\/\/www.tacoandco.fr\/wp-content\/uploads\/2023\/08\/Reattu-Portraits-portrait-2023-768x1024.jpg 768w, https:\/\/www.tacoandco.fr\/wp-content\/uploads\/2023\/08\/Reattu-Portraits-portrait-2023-225x300.jpg 225w, https:\/\/www.tacoandco.fr\/wp-content\/uploads\/2023\/08\/Reattu-Portraits-portrait-2023-1152x1536.jpg 1152w, https:\/\/www.tacoandco.fr\/wp-content\/uploads\/2023\/08\/Reattu-Portraits-portrait-2023-9x12.jpg 9w, https:\/\/www.tacoandco.fr\/wp-content\/uploads\/2023\/08\/Reattu-Portraits-portrait-2023.jpg 1200w\" sizes=\"(max-width: 768px) 100vw, 768px\" \/><\/a><\/figure>","protected":false},"excerpt":{"rendered":"<p>Exposition \u00ab\u00a0Portraits\u00a0\u00bb au Mus\u00e9e R\u00e9attu: la collection Florence et Damien Bachelot Jusqu\u2019au 1er octobre 2023, se tient au R\u00e9attu d\u2019Arles une exposition intitul\u00e9e&nbsp;Portraits&nbsp;qui propose 120 \u00e9preuves photographiques du fonds Bachelot. A d\u00e9couvrir du 1er juillet au 1er octobre 2023 Plus d&rsquo;infos http:\/\/www.museereattu.arles.fr\/portraits-bachelot.html<\/p>","protected":false},"author":2,"featured_media":8162,"comment_status":"closed","ping_status":"closed","sticky":false,"template":"","format":"standard","meta":{"footnotes":""},"categories":[3],"tags":[],"class_list":["post-8160","post","type-post","status-publish","format-standard","has-post-thumbnail","hentry","category-actualites","entry","has-media"],"aioseo_notices":[],"_links":{"self":[{"href":"https:\/\/www.tacoandco.fr\/en\/wp-json\/wp\/v2\/posts\/8160","targetHints":{"allow":["GET"]}}],"collection":[{"href":"https:\/\/www.tacoandco.fr\/en\/wp-json\/wp\/v2\/posts"}],"about":[{"href":"https:\/\/www.tacoandco.fr\/en\/wp-json\/wp\/v2\/types\/post"}],"author":[{"embeddable":true,"href":"https:\/\/www.tacoandco.fr\/en\/wp-json\/wp\/v2\/users\/2"}],"replies":[{"embeddable":true,"href":"https:\/\/www.tacoandco.fr\/en\/wp-json\/wp\/v2\/comments?post=8160"}],"version-history":[{"count":3,"href":"https:\/\/www.tacoandco.fr\/en\/wp-json\/wp\/v2\/posts\/8160\/revisions"}],"predecessor-version":[{"id":8165,"href":"https:\/\/www.tacoandco.fr\/en\/wp-json\/wp\/v2\/posts\/8160\/revisions\/8165"}],"wp:featuredmedia":[{"embeddable":true,"href":"https:\/\/www.tacoandco.fr\/en\/wp-json\/wp\/v2\/media\/8162"}],"wp:attachment":[{"href":"https:\/\/www.tacoandco.fr\/en\/wp-json\/wp\/v2\/media?parent=8160"}],"wp:term":[{"taxonomy":"category","embeddable":true,"href":"https:\/\/www.tacoandco.fr\/en\/wp-json\/wp\/v2\/categories?post=8160"},{"taxonomy":"post_tag","embeddable":true,"href":"https:\/\/www.tacoandco.fr\/en\/wp-json\/wp\/v2\/tags?post=8160"}],"curies":[{"name":"wp","href":"https:\/\/api.w.org\/{rel}","templated":true}]}}