{"id":8278,"date":"2023-10-16T14:25:22","date_gmt":"2023-10-16T12:25:22","guid":{"rendered":"https:\/\/www.tacoandco.fr\/?p=8278"},"modified":"2023-10-16T14:25:22","modified_gmt":"2023-10-16T12:25:22","slug":"exposition-luma-arles-diane-arbus-constellation","status":"publish","type":"post","link":"https:\/\/www.tacoandco.fr\/en\/blog\/2023\/10\/16\/exposition-luma-arles-diane-arbus-constellation\/","title":{"rendered":"Exposition Luma Arles \/ Diane Arbus: Constellation"},"content":{"rendered":"<p>A Arles, la Fondation Luma accueille, depuis le mois de mai 2023, une spectaculaire exposition de la photographe am\u00e9ricaine <strong>Diane Arbus<\/strong>, proposant plus de <strong>450 tirages<\/strong>.<\/p>\n\n\n\n<p>A d\u00e9couvrir ou \u00e0 red\u00e9couvrir cet automne au Parc des Ateliers, 35 Avenue Victor Hugo 13200 Arles<\/p>\n\n\n\n<p><strong>Gratuit sur r\u00e9servation<\/strong><\/p>\n\n\n\n<p>Plus d&rsquo;infos <a href=\"https:\/\/www.luma.org\/fr\/arles\/notre-programme\/event\/diane-arbus-constellation-973c0d63-967a-458d-a469-5ab97e6961da.html\" title=\"\">https:\/\/www.luma.org\/fr\/arles\/notre-programme\/event\/diane-arbus-constellation-973c0d63-967a-458d-a469-5ab97e6961da.html<\/a><\/p>\n\n\n\n<figure class=\"wp-block-image size-large\"><a href=\"https:\/\/www.tacoandco.fr\/wp-content\/uploads\/2023\/10\/luma-Arbus-portrait.jpg\"><img fetchpriority=\"high\" decoding=\"async\" width=\"768\" height=\"1024\" src=\"https:\/\/www.tacoandco.fr\/wp-content\/uploads\/2023\/10\/luma-Arbus-portrait-768x1024.jpg\" alt=\"\" class=\"wp-image-8279\" srcset=\"https:\/\/www.tacoandco.fr\/wp-content\/uploads\/2023\/10\/luma-Arbus-portrait-768x1024.jpg 768w, https:\/\/www.tacoandco.fr\/wp-content\/uploads\/2023\/10\/luma-Arbus-portrait-225x300.jpg 225w, https:\/\/www.tacoandco.fr\/wp-content\/uploads\/2023\/10\/luma-Arbus-portrait-1152x1536.jpg 1152w, https:\/\/www.tacoandco.fr\/wp-content\/uploads\/2023\/10\/luma-Arbus-portrait-9x12.jpg 9w, https:\/\/www.tacoandco.fr\/wp-content\/uploads\/2023\/10\/luma-Arbus-portrait.jpg 1200w\" sizes=\"(max-width: 768px) 100vw, 768px\" \/><\/a><\/figure>","protected":false},"excerpt":{"rendered":"<p>A Arles, la Fondation Luma accueille, depuis le mois de mai 2023, une spectaculaire exposition de la photographe am\u00e9ricaine Diane Arbus, proposant plus de 450 tirages. A d\u00e9couvrir ou \u00e0 red\u00e9couvrir cet automne au Parc des Ateliers, 35 Avenue Victor Hugo 13200 Arles Gratuit sur r\u00e9servation Plus d&rsquo;infos https:\/\/www.luma.org\/fr\/arles\/notre-programme\/event\/diane-arbus-constellation-973c0d63-967a-458d-a469-5ab97e6961da.html<\/p>","protected":false},"author":2,"featured_media":8280,"comment_status":"closed","ping_status":"closed","sticky":false,"template":"","format":"standard","meta":{"footnotes":""},"categories":[3],"tags":[],"class_list":["post-8278","post","type-post","status-publish","format-standard","has-post-thumbnail","hentry","category-actualites","entry","has-media"],"aioseo_notices":[],"_links":{"self":[{"href":"https:\/\/www.tacoandco.fr\/en\/wp-json\/wp\/v2\/posts\/8278","targetHints":{"allow":["GET"]}}],"collection":[{"href":"https:\/\/www.tacoandco.fr\/en\/wp-json\/wp\/v2\/posts"}],"about":[{"href":"https:\/\/www.tacoandco.fr\/en\/wp-json\/wp\/v2\/types\/post"}],"author":[{"embeddable":true,"href":"https:\/\/www.tacoandco.fr\/en\/wp-json\/wp\/v2\/users\/2"}],"replies":[{"embeddable":true,"href":"https:\/\/www.tacoandco.fr\/en\/wp-json\/wp\/v2\/comments?post=8278"}],"version-history":[{"count":1,"href":"https:\/\/www.tacoandco.fr\/en\/wp-json\/wp\/v2\/posts\/8278\/revisions"}],"predecessor-version":[{"id":8281,"href":"https:\/\/www.tacoandco.fr\/en\/wp-json\/wp\/v2\/posts\/8278\/revisions\/8281"}],"wp:featuredmedia":[{"embeddable":true,"href":"https:\/\/www.tacoandco.fr\/en\/wp-json\/wp\/v2\/media\/8280"}],"wp:attachment":[{"href":"https:\/\/www.tacoandco.fr\/en\/wp-json\/wp\/v2\/media?parent=8278"}],"wp:term":[{"taxonomy":"category","embeddable":true,"href":"https:\/\/www.tacoandco.fr\/en\/wp-json\/wp\/v2\/categories?post=8278"},{"taxonomy":"post_tag","embeddable":true,"href":"https:\/\/www.tacoandco.fr\/en\/wp-json\/wp\/v2\/tags?post=8278"}],"curies":[{"name":"wp","href":"https:\/\/api.w.org\/{rel}","templated":true}]}}