{"id":8472,"date":"2024-01-22T10:23:38","date_gmt":"2024-01-22T09:23:38","guid":{"rendered":"https:\/\/www.tacoandco.fr\/?p=8472"},"modified":"2024-01-22T10:23:39","modified_gmt":"2024-01-22T09:23:39","slug":"les-suds-en-hiver-2024-pays-darles","status":"publish","type":"post","link":"https:\/\/www.tacoandco.fr\/en\/blog\/2024\/01\/22\/les-suds-en-hiver-2024-pays-darles\/","title":{"rendered":"Les Suds en Hiver 2024,  pays d&rsquo;Arles"},"content":{"rendered":"<p>Le festival \u00ab\u00a0Les Suds en Hiver\u00a0\u00bb aura lieu du 13 au 17 f\u00e9vrier 2024,  et se d\u00e9ploie, pour sa 7e \u00e9dition, sur tout le pays d&rsquo;Arles.<\/p>\n\n\n\n<p>Pour plus d&rsquo;infos: <a href=\"https:\/\/www.suds-arles.com\/billetterie\/fr\/2024\/suds-en-hiver\" title=\"\">https:\/\/www.suds-arles.com\/billetterie\/fr\/2024\/suds-en-hiver<\/a><\/p>\n\n\n\n<figure class=\"wp-block-image size-large\"><a href=\"https:\/\/www.tacoandco.fr\/wp-content\/uploads\/2024\/01\/les-suds-en-hiver-2024-portrait.jpg\"><img fetchpriority=\"high\" decoding=\"async\" width=\"462\" height=\"1024\" src=\"https:\/\/www.tacoandco.fr\/wp-content\/uploads\/2024\/01\/les-suds-en-hiver-2024-portrait-462x1024.jpg\" alt=\"\" class=\"wp-image-8473\" srcset=\"https:\/\/www.tacoandco.fr\/wp-content\/uploads\/2024\/01\/les-suds-en-hiver-2024-portrait-462x1024.jpg 462w, https:\/\/www.tacoandco.fr\/wp-content\/uploads\/2024\/01\/les-suds-en-hiver-2024-portrait-135x300.jpg 135w, https:\/\/www.tacoandco.fr\/wp-content\/uploads\/2024\/01\/les-suds-en-hiver-2024-portrait-768x1704.jpg 768w, https:\/\/www.tacoandco.fr\/wp-content\/uploads\/2024\/01\/les-suds-en-hiver-2024-portrait-692x1536.jpg 692w, https:\/\/www.tacoandco.fr\/wp-content\/uploads\/2024\/01\/les-suds-en-hiver-2024-portrait-5x12.jpg 5w, https:\/\/www.tacoandco.fr\/wp-content\/uploads\/2024\/01\/les-suds-en-hiver-2024-portrait.jpg 923w\" sizes=\"(max-width: 462px) 100vw, 462px\" \/><\/a><\/figure>","protected":false},"excerpt":{"rendered":"<p>Le festival \u00ab\u00a0Les Suds en Hiver\u00a0\u00bb aura lieu du 13 au 17 f\u00e9vrier 2024, et se d\u00e9ploie, pour sa 7e \u00e9dition, sur tout le pays d&rsquo;Arles. Pour plus d&rsquo;infos: https:\/\/www.suds-arles.com\/billetterie\/fr\/2024\/suds-en-hiver<\/p>","protected":false},"author":2,"featured_media":8474,"comment_status":"closed","ping_status":"closed","sticky":false,"template":"","format":"standard","meta":{"footnotes":""},"categories":[3],"tags":[],"class_list":["post-8472","post","type-post","status-publish","format-standard","has-post-thumbnail","hentry","category-actualites","entry","has-media"],"aioseo_notices":[],"_links":{"self":[{"href":"https:\/\/www.tacoandco.fr\/en\/wp-json\/wp\/v2\/posts\/8472","targetHints":{"allow":["GET"]}}],"collection":[{"href":"https:\/\/www.tacoandco.fr\/en\/wp-json\/wp\/v2\/posts"}],"about":[{"href":"https:\/\/www.tacoandco.fr\/en\/wp-json\/wp\/v2\/types\/post"}],"author":[{"embeddable":true,"href":"https:\/\/www.tacoandco.fr\/en\/wp-json\/wp\/v2\/users\/2"}],"replies":[{"embeddable":true,"href":"https:\/\/www.tacoandco.fr\/en\/wp-json\/wp\/v2\/comments?post=8472"}],"version-history":[{"count":1,"href":"https:\/\/www.tacoandco.fr\/en\/wp-json\/wp\/v2\/posts\/8472\/revisions"}],"predecessor-version":[{"id":8475,"href":"https:\/\/www.tacoandco.fr\/en\/wp-json\/wp\/v2\/posts\/8472\/revisions\/8475"}],"wp:featuredmedia":[{"embeddable":true,"href":"https:\/\/www.tacoandco.fr\/en\/wp-json\/wp\/v2\/media\/8474"}],"wp:attachment":[{"href":"https:\/\/www.tacoandco.fr\/en\/wp-json\/wp\/v2\/media?parent=8472"}],"wp:term":[{"taxonomy":"category","embeddable":true,"href":"https:\/\/www.tacoandco.fr\/en\/wp-json\/wp\/v2\/categories?post=8472"},{"taxonomy":"post_tag","embeddable":true,"href":"https:\/\/www.tacoandco.fr\/en\/wp-json\/wp\/v2\/tags?post=8472"}],"curies":[{"name":"wp","href":"https:\/\/api.w.org\/{rel}","templated":true}]}}