{"id":8489,"date":"2024-01-30T13:13:34","date_gmt":"2024-01-30T12:13:34","guid":{"rendered":"https:\/\/www.tacoandco.fr\/?p=8489"},"modified":"2024-01-30T13:13:35","modified_gmt":"2024-01-30T12:13:35","slug":"les-rencontres-de-lemploi-2024-a-arles","status":"publish","type":"post","link":"https:\/\/www.tacoandco.fr\/en\/blog\/2024\/01\/30\/les-rencontres-de-lemploi-2024-a-arles\/","title":{"rendered":"Les Rencontres de l&#8217;emploi 2024 \u00e0 Arles"},"content":{"rendered":"<p>A Arles, les Rencontres de l&#8217;emploi 2024, organis\u00e9es par la Communaut\u00e9 d&rsquo;agglom\u00e9ration Arles Crau Camargue Montagnette, auront lieu du 15 au 23 f\u00e9vrier. <\/p>\n\n\n\n<p>Au programme:<\/p>\n\n\n\n<ul class=\"wp-block-list\">\n<li><strong>Des ateliers de pr\u00e9paration<\/strong>,\u00a0du<strong>\u00a015 au 21 f\u00e9vrier<\/strong>\u00a0\u00e0 Arles, Tarascon et Saint-Martin-de-Crau<\/li>\n\n\n\n<li><strong>Un forum recrutement<\/strong>&nbsp;pour des rencontres directes entre candidats et recruteurs,&nbsp;dans&nbsp;tous&nbsp;les&nbsp;secteurs d\u2019activit\u00e9s, et pour tous les profils \u2013&nbsp;<strong>Jeudi 22 f\u00e9vrier<\/strong>&nbsp;\u00e0 la CCI du pays d\u2019Arles \u2013 Palais des congr\u00e8s<\/li>\n\n\n\n<li><strong>Une\u00a0journ\u00e9e des entrepreneurs<\/strong>, pour\u00a0d\u00e9couvrir la cr\u00e9ation d\u2019entreprise mais \u00e9galement\u00a0booster\u00a0son projet \u2013\u00a0<strong>Vendredi 23 f\u00e9vrier<\/strong>\u00a0\u00e0 la CCI du pays d\u2019Arles \u2013 Palais des congr\u00e8s.<\/li>\n<\/ul>\n\n\n\n<p>Pour plus d&rsquo;infos: <a href=\"https:\/\/rencontresdelemploi.fr\/\" title=\"\">https:\/\/rencontresdelemploi.fr\/<\/a><\/p>\n\n\n\n<figure class=\"wp-block-image size-large\"><a href=\"https:\/\/www.tacoandco.fr\/wp-content\/uploads\/2024\/01\/Rencontres-Emploi-2024-portrait.jpg\"><img fetchpriority=\"high\" decoding=\"async\" width=\"768\" height=\"1024\" src=\"https:\/\/www.tacoandco.fr\/wp-content\/uploads\/2024\/01\/Rencontres-Emploi-2024-portrait-768x1024.jpg\" alt=\"\" class=\"wp-image-8490\" srcset=\"https:\/\/www.tacoandco.fr\/wp-content\/uploads\/2024\/01\/Rencontres-Emploi-2024-portrait-768x1024.jpg 768w, https:\/\/www.tacoandco.fr\/wp-content\/uploads\/2024\/01\/Rencontres-Emploi-2024-portrait-225x300.jpg 225w, https:\/\/www.tacoandco.fr\/wp-content\/uploads\/2024\/01\/Rencontres-Emploi-2024-portrait-1152x1536.jpg 1152w, https:\/\/www.tacoandco.fr\/wp-content\/uploads\/2024\/01\/Rencontres-Emploi-2024-portrait-9x12.jpg 9w, https:\/\/www.tacoandco.fr\/wp-content\/uploads\/2024\/01\/Rencontres-Emploi-2024-portrait.jpg 1536w\" sizes=\"(max-width: 768px) 100vw, 768px\" \/><\/a><\/figure>","protected":false},"excerpt":{"rendered":"<p>A Arles, les Rencontres de l&#8217;emploi 2024, organis\u00e9es par la Communaut\u00e9 d&rsquo;agglom\u00e9ration Arles Crau Camargue Montagnette, auront lieu du 15 au 23 f\u00e9vrier. Au programme: Pour plus d&rsquo;infos: https:\/\/rencontresdelemploi.fr\/<\/p>","protected":false},"author":2,"featured_media":8491,"comment_status":"closed","ping_status":"closed","sticky":false,"template":"","format":"standard","meta":{"footnotes":""},"categories":[3],"tags":[],"class_list":["post-8489","post","type-post","status-publish","format-standard","has-post-thumbnail","hentry","category-actualites","entry","has-media"],"aioseo_notices":[],"_links":{"self":[{"href":"https:\/\/www.tacoandco.fr\/en\/wp-json\/wp\/v2\/posts\/8489","targetHints":{"allow":["GET"]}}],"collection":[{"href":"https:\/\/www.tacoandco.fr\/en\/wp-json\/wp\/v2\/posts"}],"about":[{"href":"https:\/\/www.tacoandco.fr\/en\/wp-json\/wp\/v2\/types\/post"}],"author":[{"embeddable":true,"href":"https:\/\/www.tacoandco.fr\/en\/wp-json\/wp\/v2\/users\/2"}],"replies":[{"embeddable":true,"href":"https:\/\/www.tacoandco.fr\/en\/wp-json\/wp\/v2\/comments?post=8489"}],"version-history":[{"count":1,"href":"https:\/\/www.tacoandco.fr\/en\/wp-json\/wp\/v2\/posts\/8489\/revisions"}],"predecessor-version":[{"id":8492,"href":"https:\/\/www.tacoandco.fr\/en\/wp-json\/wp\/v2\/posts\/8489\/revisions\/8492"}],"wp:featuredmedia":[{"embeddable":true,"href":"https:\/\/www.tacoandco.fr\/en\/wp-json\/wp\/v2\/media\/8491"}],"wp:attachment":[{"href":"https:\/\/www.tacoandco.fr\/en\/wp-json\/wp\/v2\/media?parent=8489"}],"wp:term":[{"taxonomy":"category","embeddable":true,"href":"https:\/\/www.tacoandco.fr\/en\/wp-json\/wp\/v2\/categories?post=8489"},{"taxonomy":"post_tag","embeddable":true,"href":"https:\/\/www.tacoandco.fr\/en\/wp-json\/wp\/v2\/tags?post=8489"}],"curies":[{"name":"wp","href":"https:\/\/api.w.org\/{rel}","templated":true}]}}