{"id":8606,"date":"2024-04-02T12:17:30","date_gmt":"2024-04-02T10:17:30","guid":{"rendered":"https:\/\/www.tacoandco.fr\/?p=8606"},"modified":"2024-04-02T12:17:31","modified_gmt":"2024-04-02T10:17:31","slug":"salon-du-disque-2024-pop-arles","status":"publish","type":"post","link":"https:\/\/www.tacoandco.fr\/en\/blog\/2024\/04\/02\/salon-du-disque-2024-pop-arles\/","title":{"rendered":"Salon du disque 2024\/ POP \/Arles"},"content":{"rendered":"<p>POP organise la 4\u00e8me \u00e9dition du Salon du Disque sur son site, situ\u00e9 1 rue Ferdinand de Lesseps, \u00e0 Arles. Cette journ\u00e9e musicale se d\u00e9roulera le dimanche 5 mai 2024, de 9h \u00e0 18h. <\/p>\n\n\n\n<p>Une vingtaine d\u2019exposant.e.s passionn\u00e9.e.s seront pr\u00e9sent.e.s pour vous faire d\u00e9couvrir leurs plus belles trouvailles musicales.<\/p>\n\n\n\n<p>Journ\u00e9e familiale et conviviale (espace guinguette\/ateliers enfants\/corner food&#8230;)<\/p>\n\n\n\n<p>Plus dinfos <a href=\"https:\/\/pop-arles.fr\/actions\/salon-du-disque-4\/\" title=\"\">https:\/\/pop-arles.fr\/actions\/salon-du-disque-4\/<\/a><br>Dimanche 05 mai 2024<br>9h00-18h00<br>Entr\u00e9e libre et gratuite<\/p>\n\n\n\n<p>Pop Arles<br>1 rue Ferdinand de Lesseps<br>13200 Arles, France<\/p>\n\n\n\n<p><\/p>\n\n\n\n<figure class=\"wp-block-image size-large\"><a href=\"https:\/\/www.tacoandco.fr\/wp-content\/uploads\/2024\/04\/salon-du-disque-portrait.jpg\"><img fetchpriority=\"high\" decoding=\"async\" width=\"462\" height=\"1024\" src=\"https:\/\/www.tacoandco.fr\/wp-content\/uploads\/2024\/04\/salon-du-disque-portrait-462x1024.jpg\" alt=\"\" class=\"wp-image-8607\" srcset=\"https:\/\/www.tacoandco.fr\/wp-content\/uploads\/2024\/04\/salon-du-disque-portrait-462x1024.jpg 462w, https:\/\/www.tacoandco.fr\/wp-content\/uploads\/2024\/04\/salon-du-disque-portrait-135x300.jpg 135w, https:\/\/www.tacoandco.fr\/wp-content\/uploads\/2024\/04\/salon-du-disque-portrait-768x1704.jpg 768w, https:\/\/www.tacoandco.fr\/wp-content\/uploads\/2024\/04\/salon-du-disque-portrait-692x1536.jpg 692w, https:\/\/www.tacoandco.fr\/wp-content\/uploads\/2024\/04\/salon-du-disque-portrait-5x12.jpg 5w, https:\/\/www.tacoandco.fr\/wp-content\/uploads\/2024\/04\/salon-du-disque-portrait.jpg 923w\" sizes=\"(max-width: 462px) 100vw, 462px\" \/><\/a><\/figure>","protected":false},"excerpt":{"rendered":"<p>POP organise la 4\u00e8me \u00e9dition du Salon du Disque sur son site, situ\u00e9 1 rue Ferdinand de Lesseps, \u00e0 Arles. Cette journ\u00e9e musicale se d\u00e9roulera le dimanche 5 mai 2024, de 9h \u00e0 18h. Une vingtaine d\u2019exposant.e.s passionn\u00e9.e.s seront pr\u00e9sent.e.s pour vous faire d\u00e9couvrir leurs plus belles trouvailles musicales. Journ\u00e9e familiale et conviviale (espace guinguette\/ateliers [&hellip;]<\/p>","protected":false},"author":2,"featured_media":8608,"comment_status":"closed","ping_status":"closed","sticky":false,"template":"","format":"standard","meta":{"footnotes":""},"categories":[3],"tags":[],"class_list":["post-8606","post","type-post","status-publish","format-standard","has-post-thumbnail","hentry","category-actualites","entry","has-media"],"aioseo_notices":[],"_links":{"self":[{"href":"https:\/\/www.tacoandco.fr\/en\/wp-json\/wp\/v2\/posts\/8606","targetHints":{"allow":["GET"]}}],"collection":[{"href":"https:\/\/www.tacoandco.fr\/en\/wp-json\/wp\/v2\/posts"}],"about":[{"href":"https:\/\/www.tacoandco.fr\/en\/wp-json\/wp\/v2\/types\/post"}],"author":[{"embeddable":true,"href":"https:\/\/www.tacoandco.fr\/en\/wp-json\/wp\/v2\/users\/2"}],"replies":[{"embeddable":true,"href":"https:\/\/www.tacoandco.fr\/en\/wp-json\/wp\/v2\/comments?post=8606"}],"version-history":[{"count":1,"href":"https:\/\/www.tacoandco.fr\/en\/wp-json\/wp\/v2\/posts\/8606\/revisions"}],"predecessor-version":[{"id":8609,"href":"https:\/\/www.tacoandco.fr\/en\/wp-json\/wp\/v2\/posts\/8606\/revisions\/8609"}],"wp:featuredmedia":[{"embeddable":true,"href":"https:\/\/www.tacoandco.fr\/en\/wp-json\/wp\/v2\/media\/8608"}],"wp:attachment":[{"href":"https:\/\/www.tacoandco.fr\/en\/wp-json\/wp\/v2\/media?parent=8606"}],"wp:term":[{"taxonomy":"category","embeddable":true,"href":"https:\/\/www.tacoandco.fr\/en\/wp-json\/wp\/v2\/categories?post=8606"},{"taxonomy":"post_tag","embeddable":true,"href":"https:\/\/www.tacoandco.fr\/en\/wp-json\/wp\/v2\/tags?post=8606"}],"curies":[{"name":"wp","href":"https:\/\/api.w.org\/{rel}","templated":true}]}}