{"id":8610,"date":"2024-04-05T12:54:59","date_gmt":"2024-04-05T10:54:59","guid":{"rendered":"https:\/\/www.tacoandco.fr\/?p=8610"},"modified":"2024-04-12T12:31:35","modified_gmt":"2024-04-12T10:31:35","slug":"festival-du-dessin-2024-a-arles","status":"publish","type":"post","link":"https:\/\/www.tacoandco.fr\/en\/blog\/2024\/04\/05\/festival-du-dessin-2024-a-arles\/","title":{"rendered":"Festival du Dessin 2024 \u00e0 ARLES"},"content":{"rendered":"<p>Arles accueillera du <strong>20 avril au 19 mai 2024<\/strong> la <strong>2\u00e8me \u00e9dition du Salon du Dessin<\/strong>\u00a0avec, comme invit\u00e9 d\u2019honneur, le dessinateur alsacien <strong>Tomi Ungerer<\/strong>.<\/p>\n\n\n\n<p>Au programme de cette 2\u00e8me \u00e9dition arl\u00e9sienne, des rencontres, des expos, des d\u00e9bats, des projections de films, des concerts et d\u2019autres \u00e9v\u00e9nements festifs autour des 43 artistes et 1500 \u0153uvres expos\u00e9s.<\/p>\n\n\n\n<p>Toutes les infos: <a href=\"https:\/\/www.festivaldudessin.fr\/fr\/\" title=\"\">https:\/\/www.festivaldudessin.fr\/fr\/<\/a><\/p>\n\n\n\n<figure class=\"wp-block-image size-large\"><a href=\"https:\/\/www.tacoandco.fr\/wp-content\/uploads\/2024\/04\/festival-dessin-2024-portrait-3-velos.jpg\"><img fetchpriority=\"high\" decoding=\"async\" width=\"583\" height=\"1024\" src=\"https:\/\/www.tacoandco.fr\/wp-content\/uploads\/2024\/04\/festival-dessin-2024-portrait-3-velos-583x1024.jpg\" alt=\"\" class=\"wp-image-8612\" srcset=\"https:\/\/www.tacoandco.fr\/wp-content\/uploads\/2024\/04\/festival-dessin-2024-portrait-3-velos-583x1024.jpg 583w, https:\/\/www.tacoandco.fr\/wp-content\/uploads\/2024\/04\/festival-dessin-2024-portrait-3-velos-171x300.jpg 171w, https:\/\/www.tacoandco.fr\/wp-content\/uploads\/2024\/04\/festival-dessin-2024-portrait-3-velos-768x1349.jpg 768w, https:\/\/www.tacoandco.fr\/wp-content\/uploads\/2024\/04\/festival-dessin-2024-portrait-3-velos-874x1536.jpg 874w, https:\/\/www.tacoandco.fr\/wp-content\/uploads\/2024\/04\/festival-dessin-2024-portrait-3-velos-7x12.jpg 7w, https:\/\/www.tacoandco.fr\/wp-content\/uploads\/2024\/04\/festival-dessin-2024-portrait-3-velos.jpg 900w\" sizes=\"(max-width: 583px) 100vw, 583px\" \/><\/a><\/figure>","protected":false},"excerpt":{"rendered":"<p>Arles accueillera du 20 avril au 19 mai 2024 la 2\u00e8me \u00e9dition du Salon du Dessin\u00a0avec, comme invit\u00e9 d\u2019honneur, le dessinateur alsacien Tomi Ungerer. Au programme de cette 2\u00e8me \u00e9dition arl\u00e9sienne, des rencontres, des expos, des d\u00e9bats, des projections de films, des concerts et d\u2019autres \u00e9v\u00e9nements festifs autour des 43 artistes et 1500 \u0153uvres expos\u00e9s. [&hellip;]<\/p>","protected":false},"author":2,"featured_media":8613,"comment_status":"closed","ping_status":"closed","sticky":false,"template":"","format":"standard","meta":{"footnotes":""},"categories":[3],"tags":[],"class_list":["post-8610","post","type-post","status-publish","format-standard","has-post-thumbnail","hentry","category-actualites","entry","has-media"],"aioseo_notices":[],"_links":{"self":[{"href":"https:\/\/www.tacoandco.fr\/en\/wp-json\/wp\/v2\/posts\/8610","targetHints":{"allow":["GET"]}}],"collection":[{"href":"https:\/\/www.tacoandco.fr\/en\/wp-json\/wp\/v2\/posts"}],"about":[{"href":"https:\/\/www.tacoandco.fr\/en\/wp-json\/wp\/v2\/types\/post"}],"author":[{"embeddable":true,"href":"https:\/\/www.tacoandco.fr\/en\/wp-json\/wp\/v2\/users\/2"}],"replies":[{"embeddable":true,"href":"https:\/\/www.tacoandco.fr\/en\/wp-json\/wp\/v2\/comments?post=8610"}],"version-history":[{"count":3,"href":"https:\/\/www.tacoandco.fr\/en\/wp-json\/wp\/v2\/posts\/8610\/revisions"}],"predecessor-version":[{"id":8617,"href":"https:\/\/www.tacoandco.fr\/en\/wp-json\/wp\/v2\/posts\/8610\/revisions\/8617"}],"wp:featuredmedia":[{"embeddable":true,"href":"https:\/\/www.tacoandco.fr\/en\/wp-json\/wp\/v2\/media\/8613"}],"wp:attachment":[{"href":"https:\/\/www.tacoandco.fr\/en\/wp-json\/wp\/v2\/media?parent=8610"}],"wp:term":[{"taxonomy":"category","embeddable":true,"href":"https:\/\/www.tacoandco.fr\/en\/wp-json\/wp\/v2\/categories?post=8610"},{"taxonomy":"post_tag","embeddable":true,"href":"https:\/\/www.tacoandco.fr\/en\/wp-json\/wp\/v2\/tags?post=8610"}],"curies":[{"name":"wp","href":"https:\/\/api.w.org\/{rel}","templated":true}]}}