{"id":8628,"date":"2024-05-06T10:19:03","date_gmt":"2024-05-06T08:19:03","guid":{"rendered":"https:\/\/www.tacoandco.fr\/?p=8628"},"modified":"2024-05-06T14:14:20","modified_gmt":"2024-05-06T12:14:20","slug":"alfred-latour-au-musee-reattu-du-27-avril-au-6-octobre-2024","status":"publish","type":"post","link":"https:\/\/www.tacoandco.fr\/en\/blog\/2024\/05\/06\/alfred-latour-au-musee-reattu-du-27-avril-au-6-octobre-2024\/","title":{"rendered":"Alfred Latour au Mus\u00e9e R\u00e9attu du 27 avril au 6 octobre 2024"},"content":{"rendered":"<p>Le Mus\u00e9e R\u00e9attu, \u00e0 Arles, pr\u00e9sente l&rsquo;exposition \u00ab\u00a0Alfred Latour- Regard sur la forme\u00a0\u00bb du 27 avril au 6 octobre 2024.<\/p>\n\n\n\n<p>Alfred Latour est connu et reconnu pour son art de la gravure, du livre illustr\u00e9, de la peinture et du dessin, ainsi que pour ses cr\u00e9ations textiles pour de grandes maisons lyonnaises. Quant \u00e0 sa pratique de la photographie, s&rsquo;il ne la revendique pas comme une activit\u00e9 artistique, elle joue pourtant un r\u00f4le essentiel dans son processus cr\u00e9atif, et par son regard, il a produit une v\u00e9ritable \u0153uvre photographique, qui a \u00e9t\u00e9 red\u00e9couverte en 2016 et expos\u00e9e pour la premi\u00e8re fois au mus\u00e9e R\u00e9attu en 2018.<\/p>\n\n\n\n<p>L&rsquo;exposition&nbsp;<em>Regard sur la forme<\/em>, organis\u00e9e par le mus\u00e9e R\u00e9attu en partenariat avec le mus\u00e9e des Tissus et des Arts D\u00e9coratifs de Lyon et la Fondation Alfred Latour de Lausanne,&nbsp;est n\u00e9e de la volont\u00e9 de faire dialoguer le travail photographique d\u2019Alfred Latour avec son activit\u00e9 de cr\u00e9ateur de motifs pour l\u2019industrie textile.<\/p>\n\n\n\n<p>Plus d&rsquo;infos: <a href=\"http:\/\/www.museereattu.arles.fr\/alfred-latour-regard.html\" title=\"\">http:\/\/www.museereattu.arles.fr\/alfred-latour-regard.html<\/a><\/p>\n\n\n\n<p>Mus\u00e9e R\u00e9attu<br>10, rue du Grand Prieur\u00e9<br>13200 Arles &#8211; France<br>T\u00e9l : 04 90 49 37 58 <\/p>\n\n\n\n<p><a href=\"https:\/\/fr-fr.facebook.com\/museereattu\/\" title=\"\">https:\/\/fr-fr.facebook.com\/museereattu\/<\/a><\/p>\n\n\n\n<p><a href=\"https:\/\/www.instagram.com\/musee.reattu\/?hl=fr\" title=\"\">https:\/\/www.instagram.com\/musee.reattu\/?hl=fr<\/a><\/p>\n\n\n\n<p><a href=\"https:\/\/www.youtube.com\/channel\/UCfon-rmrwVINGcKy0ibkSXw\" title=\"\">https:\/\/www.youtube.com\/channel\/UCfon-rmrwVINGcKy0ibkSXw<\/a><\/p>\n\n\n\n<p>\u00a0HORAIRE<\/p>\n\n\n\n<p>Ouvert du mardi au dimanche<br>Du 02 novembre au 28 f\u00e9vrier : 10h-17h&nbsp;<strong>(entr\u00e9e jusqu&rsquo;\u00e0 16h30)<\/strong><br>Du 1er mars au 31 octobre : 10h-18h&nbsp;<strong>(entr\u00e9e jusqu&rsquo;\u00e0 17h30)<\/strong><br>Ferm\u00e9 le lundi.<\/p>\n\n\n\n<figure class=\"wp-block-image size-large\"><a href=\"https:\/\/www.tacoandco.fr\/wp-content\/uploads\/2024\/05\/Reattu-Alfred-Latour-portrait-mai-24.jpg\"><img fetchpriority=\"high\" decoding=\"async\" width=\"768\" height=\"1024\" src=\"https:\/\/www.tacoandco.fr\/wp-content\/uploads\/2024\/05\/Reattu-Alfred-Latour-portrait-mai-24-768x1024.jpg\" alt=\"\" class=\"wp-image-8629\" srcset=\"https:\/\/www.tacoandco.fr\/wp-content\/uploads\/2024\/05\/Reattu-Alfred-Latour-portrait-mai-24-768x1024.jpg 768w, https:\/\/www.tacoandco.fr\/wp-content\/uploads\/2024\/05\/Reattu-Alfred-Latour-portrait-mai-24-225x300.jpg 225w, https:\/\/www.tacoandco.fr\/wp-content\/uploads\/2024\/05\/Reattu-Alfred-Latour-portrait-mai-24-1152x1536.jpg 1152w, https:\/\/www.tacoandco.fr\/wp-content\/uploads\/2024\/05\/Reattu-Alfred-Latour-portrait-mai-24-9x12.jpg 9w, https:\/\/www.tacoandco.fr\/wp-content\/uploads\/2024\/05\/Reattu-Alfred-Latour-portrait-mai-24.jpg 1536w\" sizes=\"(max-width: 768px) 100vw, 768px\" \/><\/a><\/figure>","protected":false},"excerpt":{"rendered":"<p>Le Mus\u00e9e R\u00e9attu, \u00e0 Arles, pr\u00e9sente l&rsquo;exposition \u00ab\u00a0Alfred Latour- Regard sur la forme\u00a0\u00bb du 27 avril au 6 octobre 2024. Alfred Latour est connu et reconnu pour son art de la gravure, du livre illustr\u00e9, de la peinture et du dessin, ainsi que pour ses cr\u00e9ations textiles pour de grandes maisons lyonnaises. Quant \u00e0 sa [&hellip;]<\/p>","protected":false},"author":2,"featured_media":8630,"comment_status":"closed","ping_status":"closed","sticky":false,"template":"","format":"standard","meta":{"footnotes":""},"categories":[3],"tags":[],"class_list":["post-8628","post","type-post","status-publish","format-standard","has-post-thumbnail","hentry","category-actualites","entry","has-media"],"aioseo_notices":[],"_links":{"self":[{"href":"https:\/\/www.tacoandco.fr\/en\/wp-json\/wp\/v2\/posts\/8628","targetHints":{"allow":["GET"]}}],"collection":[{"href":"https:\/\/www.tacoandco.fr\/en\/wp-json\/wp\/v2\/posts"}],"about":[{"href":"https:\/\/www.tacoandco.fr\/en\/wp-json\/wp\/v2\/types\/post"}],"author":[{"embeddable":true,"href":"https:\/\/www.tacoandco.fr\/en\/wp-json\/wp\/v2\/users\/2"}],"replies":[{"embeddable":true,"href":"https:\/\/www.tacoandco.fr\/en\/wp-json\/wp\/v2\/comments?post=8628"}],"version-history":[{"count":2,"href":"https:\/\/www.tacoandco.fr\/en\/wp-json\/wp\/v2\/posts\/8628\/revisions"}],"predecessor-version":[{"id":8637,"href":"https:\/\/www.tacoandco.fr\/en\/wp-json\/wp\/v2\/posts\/8628\/revisions\/8637"}],"wp:featuredmedia":[{"embeddable":true,"href":"https:\/\/www.tacoandco.fr\/en\/wp-json\/wp\/v2\/media\/8630"}],"wp:attachment":[{"href":"https:\/\/www.tacoandco.fr\/en\/wp-json\/wp\/v2\/media?parent=8628"}],"wp:term":[{"taxonomy":"category","embeddable":true,"href":"https:\/\/www.tacoandco.fr\/en\/wp-json\/wp\/v2\/categories?post=8628"},{"taxonomy":"post_tag","embeddable":true,"href":"https:\/\/www.tacoandco.fr\/en\/wp-json\/wp\/v2\/tags?post=8628"}],"curies":[{"name":"wp","href":"https:\/\/api.w.org\/{rel}","templated":true}]}}