{"id":8668,"date":"2024-05-21T11:57:15","date_gmt":"2024-05-21T09:57:15","guid":{"rendered":"https:\/\/www.tacoandco.fr\/?p=8668"},"modified":"2024-05-21T13:07:16","modified_gmt":"2024-05-21T11:07:16","slug":"symposium-histoire-environnementale-iii-luma-arles","status":"publish","type":"post","link":"https:\/\/www.tacoandco.fr\/en\/blog\/2024\/05\/21\/symposium-histoire-environnementale-iii-luma-arles\/","title":{"rendered":"Symposium: Histoire environnementale III \/ Luma Arles"},"content":{"rendered":"<p><strong>Pour cette troisi\u00e8me \u00e9dition, LUMA Arles r\u00e9unit chercheurs et chercheuses, artistes et paysagistes autour d\u2019une approche historique de l&rsquo;\u00e9cologie.<\/strong><\/p>\n\n\n\n<p><strong>Du\u00a0vendredi 24 au dimanche 26 mai 2024<br>Th\u00e9matique : Loin du jardin<br>Lieu : Le Magasin \u00c9lectrique<\/strong><\/p>\n\n\n\n<p>Programme et infos: <a href=\"https:\/\/www.luma.org\/fr\/arles\/notre-programme\/event\/histoire-environnementale-III-92edca69-6e95-4d8b-9aa3-c55411b7113e.html\" title=\"\">https:\/\/www.luma.org\/fr\/arles\/notre-programme\/event\/histoire-environnementale-III-92edca69-6e95-4d8b-9aa3-c55411b7113e.html<\/a><\/p>\n\n\n\n<figure class=\"wp-block-image size-large\"><a href=\"https:\/\/www.tacoandco.fr\/wp-content\/uploads\/2024\/05\/Luma-mai-24-scaled.jpg\"><img fetchpriority=\"high\" decoding=\"async\" width=\"768\" height=\"1024\" src=\"https:\/\/www.tacoandco.fr\/wp-content\/uploads\/2024\/05\/Luma-mai-24-768x1024.jpg\" alt=\"\" class=\"wp-image-8669\" srcset=\"https:\/\/www.tacoandco.fr\/wp-content\/uploads\/2024\/05\/Luma-mai-24-768x1024.jpg 768w, https:\/\/www.tacoandco.fr\/wp-content\/uploads\/2024\/05\/Luma-mai-24-225x300.jpg 225w, https:\/\/www.tacoandco.fr\/wp-content\/uploads\/2024\/05\/Luma-mai-24-1152x1536.jpg 1152w, https:\/\/www.tacoandco.fr\/wp-content\/uploads\/2024\/05\/Luma-mai-24-1536x2048.jpg 1536w, https:\/\/www.tacoandco.fr\/wp-content\/uploads\/2024\/05\/Luma-mai-24-9x12.jpg 9w, https:\/\/www.tacoandco.fr\/wp-content\/uploads\/2024\/05\/Luma-mai-24-scaled.jpg 1920w\" sizes=\"(max-width: 768px) 100vw, 768px\" \/><\/a><\/figure>","protected":false},"excerpt":{"rendered":"<p>Pour cette troisi\u00e8me \u00e9dition, LUMA Arles r\u00e9unit chercheurs et chercheuses, artistes et paysagistes autour d\u2019une approche historique de l&rsquo;\u00e9cologie. Du\u00a0vendredi 24 au dimanche 26 mai 2024Th\u00e9matique : Loin du jardinLieu : Le Magasin \u00c9lectrique Programme et infos: https:\/\/www.luma.org\/fr\/arles\/notre-programme\/event\/histoire-environnementale-III-92edca69-6e95-4d8b-9aa3-c55411b7113e.html<\/p>","protected":false},"author":2,"featured_media":8670,"comment_status":"closed","ping_status":"closed","sticky":true,"template":"","format":"standard","meta":{"footnotes":""},"categories":[3],"tags":[],"class_list":["post-8668","post","type-post","status-publish","format-standard","has-post-thumbnail","hentry","category-actualites","entry","has-media"],"aioseo_notices":[],"_links":{"self":[{"href":"https:\/\/www.tacoandco.fr\/en\/wp-json\/wp\/v2\/posts\/8668","targetHints":{"allow":["GET"]}}],"collection":[{"href":"https:\/\/www.tacoandco.fr\/en\/wp-json\/wp\/v2\/posts"}],"about":[{"href":"https:\/\/www.tacoandco.fr\/en\/wp-json\/wp\/v2\/types\/post"}],"author":[{"embeddable":true,"href":"https:\/\/www.tacoandco.fr\/en\/wp-json\/wp\/v2\/users\/2"}],"replies":[{"embeddable":true,"href":"https:\/\/www.tacoandco.fr\/en\/wp-json\/wp\/v2\/comments?post=8668"}],"version-history":[{"count":1,"href":"https:\/\/www.tacoandco.fr\/en\/wp-json\/wp\/v2\/posts\/8668\/revisions"}],"predecessor-version":[{"id":8671,"href":"https:\/\/www.tacoandco.fr\/en\/wp-json\/wp\/v2\/posts\/8668\/revisions\/8671"}],"wp:featuredmedia":[{"embeddable":true,"href":"https:\/\/www.tacoandco.fr\/en\/wp-json\/wp\/v2\/media\/8670"}],"wp:attachment":[{"href":"https:\/\/www.tacoandco.fr\/en\/wp-json\/wp\/v2\/media?parent=8668"}],"wp:term":[{"taxonomy":"category","embeddable":true,"href":"https:\/\/www.tacoandco.fr\/en\/wp-json\/wp\/v2\/categories?post=8668"},{"taxonomy":"post_tag","embeddable":true,"href":"https:\/\/www.tacoandco.fr\/en\/wp-json\/wp\/v2\/tags?post=8668"}],"curies":[{"name":"wp","href":"https:\/\/api.w.org\/{rel}","templated":true}]}}