{"id":8680,"date":"2024-05-31T10:45:37","date_gmt":"2024-05-31T08:45:37","guid":{"rendered":"https:\/\/www.tacoandco.fr\/?p=8680"},"modified":"2024-05-31T10:45:38","modified_gmt":"2024-05-31T08:45:38","slug":"luma-arles-nouvelles-expositions-ete-2024","status":"publish","type":"post","link":"https:\/\/www.tacoandco.fr\/en\/blog\/2024\/05\/31\/luma-arles-nouvelles-expositions-ete-2024\/","title":{"rendered":"LUMA Arles-Nouvelles expositions \u00e9t\u00e9 2024"},"content":{"rendered":"<p>Le programme de l&rsquo;\u00e9t\u00e9 2024 de Luma Arles s&rsquo;ouvrira en 2 \u00e9tapes \u00e0 partir du 1er juin puis \u00e0 partir du 30 juin.<\/p>\n\n\n\n<p>Toutes les infos:  <a href=\"https:\/\/www.luma.org\/fr\/arles\/notre-programme\/event\/ouverture-expos-juin-2024-dccbcd68-e626-4156-b6e4-17e770f679a9.html\" title=\"\">https:\/\/www.luma.org\/fr\/arles\/notre-programme\/event\/ouverture-expos-juin-2024-dccbcd68-e626-4156-b6e4-17e770f679a9.html<\/a><\/p>\n\n\n\n<figure class=\"wp-block-image size-large\"><a href=\"https:\/\/www.tacoandco.fr\/wp-content\/uploads\/2024\/05\/Luma-portrait-ete-24.jpg\"><img fetchpriority=\"high\" decoding=\"async\" width=\"462\" height=\"1024\" src=\"https:\/\/www.tacoandco.fr\/wp-content\/uploads\/2024\/05\/Luma-portrait-ete-24-462x1024.jpg\" alt=\"\" class=\"wp-image-8681\" srcset=\"https:\/\/www.tacoandco.fr\/wp-content\/uploads\/2024\/05\/Luma-portrait-ete-24-462x1024.jpg 462w, https:\/\/www.tacoandco.fr\/wp-content\/uploads\/2024\/05\/Luma-portrait-ete-24-135x300.jpg 135w, https:\/\/www.tacoandco.fr\/wp-content\/uploads\/2024\/05\/Luma-portrait-ete-24-768x1704.jpg 768w, https:\/\/www.tacoandco.fr\/wp-content\/uploads\/2024\/05\/Luma-portrait-ete-24-692x1536.jpg 692w, https:\/\/www.tacoandco.fr\/wp-content\/uploads\/2024\/05\/Luma-portrait-ete-24-5x12.jpg 5w, https:\/\/www.tacoandco.fr\/wp-content\/uploads\/2024\/05\/Luma-portrait-ete-24.jpg 923w\" sizes=\"(max-width: 462px) 100vw, 462px\" \/><\/a><\/figure>","protected":false},"excerpt":{"rendered":"<p>Le programme de l&rsquo;\u00e9t\u00e9 2024 de Luma Arles s&rsquo;ouvrira en 2 \u00e9tapes \u00e0 partir du 1er juin puis \u00e0 partir du 30 juin. Toutes les infos: https:\/\/www.luma.org\/fr\/arles\/notre-programme\/event\/ouverture-expos-juin-2024-dccbcd68-e626-4156-b6e4-17e770f679a9.html<\/p>","protected":false},"author":2,"featured_media":8682,"comment_status":"closed","ping_status":"closed","sticky":false,"template":"","format":"standard","meta":{"footnotes":""},"categories":[3],"tags":[],"class_list":["post-8680","post","type-post","status-publish","format-standard","has-post-thumbnail","hentry","category-actualites","entry","has-media"],"aioseo_notices":[],"_links":{"self":[{"href":"https:\/\/www.tacoandco.fr\/en\/wp-json\/wp\/v2\/posts\/8680","targetHints":{"allow":["GET"]}}],"collection":[{"href":"https:\/\/www.tacoandco.fr\/en\/wp-json\/wp\/v2\/posts"}],"about":[{"href":"https:\/\/www.tacoandco.fr\/en\/wp-json\/wp\/v2\/types\/post"}],"author":[{"embeddable":true,"href":"https:\/\/www.tacoandco.fr\/en\/wp-json\/wp\/v2\/users\/2"}],"replies":[{"embeddable":true,"href":"https:\/\/www.tacoandco.fr\/en\/wp-json\/wp\/v2\/comments?post=8680"}],"version-history":[{"count":1,"href":"https:\/\/www.tacoandco.fr\/en\/wp-json\/wp\/v2\/posts\/8680\/revisions"}],"predecessor-version":[{"id":8683,"href":"https:\/\/www.tacoandco.fr\/en\/wp-json\/wp\/v2\/posts\/8680\/revisions\/8683"}],"wp:featuredmedia":[{"embeddable":true,"href":"https:\/\/www.tacoandco.fr\/en\/wp-json\/wp\/v2\/media\/8682"}],"wp:attachment":[{"href":"https:\/\/www.tacoandco.fr\/en\/wp-json\/wp\/v2\/media?parent=8680"}],"wp:term":[{"taxonomy":"category","embeddable":true,"href":"https:\/\/www.tacoandco.fr\/en\/wp-json\/wp\/v2\/categories?post=8680"},{"taxonomy":"post_tag","embeddable":true,"href":"https:\/\/www.tacoandco.fr\/en\/wp-json\/wp\/v2\/tags?post=8680"}],"curies":[{"name":"wp","href":"https:\/\/api.w.org\/{rel}","templated":true}]}}