{"id":8688,"date":"2024-05-31T15:55:33","date_gmt":"2024-05-31T13:55:33","guid":{"rendered":"https:\/\/www.tacoandco.fr\/?p=8688"},"modified":"2024-06-03T10:26:57","modified_gmt":"2024-06-03T08:26:57","slug":"fondation-van-gogh-arles-van-gogh-et-les-etoiles-du-1-06-au-8-09-24","status":"publish","type":"post","link":"https:\/\/www.tacoandco.fr\/en\/blog\/2024\/05\/31\/fondation-van-gogh-arles-van-gogh-et-les-etoiles-du-1-06-au-8-09-24\/","title":{"rendered":"Fondation Van Gogh Arles &#8211; Van Gogh et les \u00e9toiles -du 1\/06 au 8\/09\/24"},"content":{"rendered":"<p>sam. 1 juin \u2013 8 sept. 2024<\/p>\n\n\n\n<p>La <strong>Fondation Vincent van Gogh<\/strong> <strong>Arles<\/strong> se r\u00e9jouit de pr\u00e9senter pendant l\u2019\u00e9t\u00e9 2024 le c\u00e9l\u00e8bre \u00ab po\u00e8me cosmique \u00bb de Vincent,\u00a0<em><strong>La Nuit \u00e9toil\u00e9e<\/strong><\/em>\u00a0(1888), l\u2019un des chefs-d\u2019\u0153uvre de la collection du mus\u00e9e d\u2019Orsay.<\/p>\n\n\n\n<p>La venue de cette \u0153uvre \u00e0 Arles offre l\u2019occasion de concevoir une exposition mettant en perspective les sources dans lesquelles puisa l\u2019artiste pour la r\u00e9aliser, mais aussi l\u2019influence qu\u2019eut cette \u0153uvre. \u00c0 travers diff\u00e9rentes approches, scientifiques, historiques ou po\u00e9tiques, les travaux d\u2019artistes anciens et contemporains apporteront un \u00e9clairage nouveau sur l\u2019\u0153uvre de Van Gogh afin d\u2019en souligner l\u2019h\u00e9ritage et la force in\u00e9branlable.<\/p>\n\n\n\n<p>Imagin\u00e9e par Jean de Loisy et Bice Curiger, l\u2019exposition \u00ab Van Gogh et les \u00c9toiles \u00bb mettra en lumi\u00e8re le travail d\u2019\u00e9rudition et de recherche effectu\u00e9 par Vincent van Gogh tout au long de sa vie, pouss\u00e9 par sa vision int\u00e9rieure, ses tourments, son sens aigu de l\u2019observation, mais aussi par son environnement.\u00a0<\/p>\n\n\n\n<p>Pour plus d&rsquo;informations: <a href=\"https:\/\/www.fondation-vincentvangogh-arles.org\/exposition\/van-gogh-et-les-etoiles\/\" title=\"\">https:\/\/www.fondation-vincentvangogh-arles.org\/exposition\/van-gogh-et-les-etoiles\/<\/a><\/p>\n\n\n\n<p>Infos pratiques: <\/p>\n\n\n\n<p>A partir du 1er juin 2024, tous les jours de 10h \u00e0 19h (derni\u00e8re entr\u00e9e \u00e0 18h15)<\/p>\n\n\n\n<p>Le tableau <em><strong>La Nuit \u00e9toil\u00e9e<\/strong><\/em> (Arles, septembre 1888) de Van Gogh est expos\u00e9 jusqu&rsquo;au dimanche 25 ao\u00fbt inclus puis retourne au mus\u00e9e d&rsquo;Orsay.<\/p>\n\n\n\n<figure class=\"wp-block-image size-large\"><a href=\"https:\/\/www.tacoandco.fr\/wp-content\/uploads\/2024\/05\/Van-gogh-et-les-etoiles-portrait-24.jpg\"><img fetchpriority=\"high\" decoding=\"async\" width=\"768\" height=\"1024\" src=\"https:\/\/www.tacoandco.fr\/wp-content\/uploads\/2024\/05\/Van-gogh-et-les-etoiles-portrait-24-768x1024.jpg\" alt=\"\" class=\"wp-image-8689\" srcset=\"https:\/\/www.tacoandco.fr\/wp-content\/uploads\/2024\/05\/Van-gogh-et-les-etoiles-portrait-24-768x1024.jpg 768w, https:\/\/www.tacoandco.fr\/wp-content\/uploads\/2024\/05\/Van-gogh-et-les-etoiles-portrait-24-225x300.jpg 225w, https:\/\/www.tacoandco.fr\/wp-content\/uploads\/2024\/05\/Van-gogh-et-les-etoiles-portrait-24-1152x1536.jpg 1152w, https:\/\/www.tacoandco.fr\/wp-content\/uploads\/2024\/05\/Van-gogh-et-les-etoiles-portrait-24-9x12.jpg 9w, https:\/\/www.tacoandco.fr\/wp-content\/uploads\/2024\/05\/Van-gogh-et-les-etoiles-portrait-24.jpg 1200w\" sizes=\"(max-width: 768px) 100vw, 768px\" \/><\/a><\/figure>","protected":false},"excerpt":{"rendered":"<p>sam. 1 juin \u2013 8 sept. 2024 La Fondation Vincent van Gogh Arles se r\u00e9jouit de pr\u00e9senter pendant l\u2019\u00e9t\u00e9 2024 le c\u00e9l\u00e8bre \u00ab po\u00e8me cosmique \u00bb de Vincent,\u00a0La Nuit \u00e9toil\u00e9e\u00a0(1888), l\u2019un des chefs-d\u2019\u0153uvre de la collection du mus\u00e9e d\u2019Orsay. La venue de cette \u0153uvre \u00e0 Arles offre l\u2019occasion de concevoir une exposition mettant en perspective [&hellip;]<\/p>","protected":false},"author":2,"featured_media":8698,"comment_status":"closed","ping_status":"closed","sticky":false,"template":"","format":"standard","meta":{"footnotes":""},"categories":[3],"tags":[],"class_list":["post-8688","post","type-post","status-publish","format-standard","has-post-thumbnail","hentry","category-actualites","entry","has-media"],"aioseo_notices":[],"_links":{"self":[{"href":"https:\/\/www.tacoandco.fr\/en\/wp-json\/wp\/v2\/posts\/8688","targetHints":{"allow":["GET"]}}],"collection":[{"href":"https:\/\/www.tacoandco.fr\/en\/wp-json\/wp\/v2\/posts"}],"about":[{"href":"https:\/\/www.tacoandco.fr\/en\/wp-json\/wp\/v2\/types\/post"}],"author":[{"embeddable":true,"href":"https:\/\/www.tacoandco.fr\/en\/wp-json\/wp\/v2\/users\/2"}],"replies":[{"embeddable":true,"href":"https:\/\/www.tacoandco.fr\/en\/wp-json\/wp\/v2\/comments?post=8688"}],"version-history":[{"count":1,"href":"https:\/\/www.tacoandco.fr\/en\/wp-json\/wp\/v2\/posts\/8688\/revisions"}],"predecessor-version":[{"id":8691,"href":"https:\/\/www.tacoandco.fr\/en\/wp-json\/wp\/v2\/posts\/8688\/revisions\/8691"}],"wp:featuredmedia":[{"embeddable":true,"href":"https:\/\/www.tacoandco.fr\/en\/wp-json\/wp\/v2\/media\/8698"}],"wp:attachment":[{"href":"https:\/\/www.tacoandco.fr\/en\/wp-json\/wp\/v2\/media?parent=8688"}],"wp:term":[{"taxonomy":"category","embeddable":true,"href":"https:\/\/www.tacoandco.fr\/en\/wp-json\/wp\/v2\/categories?post=8688"},{"taxonomy":"post_tag","embeddable":true,"href":"https:\/\/www.tacoandco.fr\/en\/wp-json\/wp\/v2\/tags?post=8688"}],"curies":[{"name":"wp","href":"https:\/\/api.w.org\/{rel}","templated":true}]}}