{"id":8704,"date":"2024-06-10T13:59:42","date_gmt":"2024-06-10T11:59:42","guid":{"rendered":"https:\/\/www.tacoandco.fr\/?p=8704"},"modified":"2024-06-10T13:59:43","modified_gmt":"2024-06-10T11:59:43","slug":"les-rencontres-de-la-photographie-2024-arles","status":"publish","type":"post","link":"https:\/\/www.tacoandco.fr\/en\/blog\/2024\/06\/10\/les-rencontres-de-la-photographie-2024-arles\/","title":{"rendered":"Les Rencontres de la Photographie 2024 Arles"},"content":{"rendered":"<p>A Arles, Les Rencontres de la Photographie 2024 auront lieu du 1er Juillet au 29 Septembre.<\/p>\n\n\n\n<p>\u00ab\u00a0Sous la Surface\u00a0\u00bb<\/p>\n\n\n\n<p>Remous, esprits, traces, lectures parall\u00e8les et relectures sont autant de nouvelles perspectives qui sous-tendent l\u2019\u00e9dition 2024 des Rencontres d\u2019Arles.<br>Photographes, artistes et commissaires d\u00e9voilent leurs visions, leurs histoires, telle celle de notre humanit\u00e9, tour \u00e0 tour contrari\u00e9e, en perp\u00e9tuelle red\u00e9finition, r\u00e9siliente, mais aussi visionnaire. \u00c0 la marge ou \u00e9tablis, les r\u00e9cits m\u00e8nent \u00e0 des voi(x)es multiples. Tous \u00e9manent des interstices d\u2019une surface poreuse\u2009: ils s\u2019entrem\u00ealent, se superposent, se chevauchent. La p\u00e9riode est excitante, tant cet ensemble conduit \u00e0 une pluralit\u00e9 d\u2019itin\u00e9raires \u00e0 emprunter.<\/p>\n\n\n\n<p>Programme et infos: <a href=\"https:\/\/www.rencontres-arles.com\/fr\/expositions\" title=\"\">https:\/\/www.rencontres-arles.com\/fr\/expositions<\/a><\/p>\n\n\n\n<figure class=\"wp-block-image size-large\"><a href=\"https:\/\/www.tacoandco.fr\/wp-content\/uploads\/2024\/06\/rencontres-1.jpg\"><img fetchpriority=\"high\" decoding=\"async\" width=\"707\" height=\"1024\" src=\"https:\/\/www.tacoandco.fr\/wp-content\/uploads\/2024\/06\/rencontres-1-707x1024.jpg\" alt=\"\" class=\"wp-image-8705\" srcset=\"https:\/\/www.tacoandco.fr\/wp-content\/uploads\/2024\/06\/rencontres-1-707x1024.jpg 707w, https:\/\/www.tacoandco.fr\/wp-content\/uploads\/2024\/06\/rencontres-1-207x300.jpg 207w, https:\/\/www.tacoandco.fr\/wp-content\/uploads\/2024\/06\/rencontres-1-768x1112.jpg 768w, https:\/\/www.tacoandco.fr\/wp-content\/uploads\/2024\/06\/rencontres-1-1061x1536.jpg 1061w, https:\/\/www.tacoandco.fr\/wp-content\/uploads\/2024\/06\/rencontres-1-8x12.jpg 8w, https:\/\/www.tacoandco.fr\/wp-content\/uploads\/2024\/06\/rencontres-1.jpg 1333w\" sizes=\"(max-width: 707px) 100vw, 707px\" \/><\/a><\/figure>","protected":false},"excerpt":{"rendered":"<p>A Arles, Les Rencontres de la Photographie 2024 auront lieu du 1er Juillet au 29 Septembre. \u00ab\u00a0Sous la Surface\u00a0\u00bb Remous, esprits, traces, lectures parall\u00e8les et relectures sont autant de nouvelles perspectives qui sous-tendent l\u2019\u00e9dition 2024 des Rencontres d\u2019Arles.Photographes, artistes et commissaires d\u00e9voilent leurs visions, leurs histoires, telle celle de notre humanit\u00e9, tour \u00e0 tour contrari\u00e9e, [&hellip;]<\/p>","protected":false},"author":2,"featured_media":0,"comment_status":"closed","ping_status":"closed","sticky":false,"template":"","format":"standard","meta":{"footnotes":""},"categories":[3],"tags":[],"class_list":["post-8704","post","type-post","status-publish","format-standard","hentry","category-actualites","entry"],"aioseo_notices":[],"_links":{"self":[{"href":"https:\/\/www.tacoandco.fr\/en\/wp-json\/wp\/v2\/posts\/8704","targetHints":{"allow":["GET"]}}],"collection":[{"href":"https:\/\/www.tacoandco.fr\/en\/wp-json\/wp\/v2\/posts"}],"about":[{"href":"https:\/\/www.tacoandco.fr\/en\/wp-json\/wp\/v2\/types\/post"}],"author":[{"embeddable":true,"href":"https:\/\/www.tacoandco.fr\/en\/wp-json\/wp\/v2\/users\/2"}],"replies":[{"embeddable":true,"href":"https:\/\/www.tacoandco.fr\/en\/wp-json\/wp\/v2\/comments?post=8704"}],"version-history":[{"count":1,"href":"https:\/\/www.tacoandco.fr\/en\/wp-json\/wp\/v2\/posts\/8704\/revisions"}],"predecessor-version":[{"id":8708,"href":"https:\/\/www.tacoandco.fr\/en\/wp-json\/wp\/v2\/posts\/8704\/revisions\/8708"}],"wp:attachment":[{"href":"https:\/\/www.tacoandco.fr\/en\/wp-json\/wp\/v2\/media?parent=8704"}],"wp:term":[{"taxonomy":"category","embeddable":true,"href":"https:\/\/www.tacoandco.fr\/en\/wp-json\/wp\/v2\/categories?post=8704"},{"taxonomy":"post_tag","embeddable":true,"href":"https:\/\/www.tacoandco.fr\/en\/wp-json\/wp\/v2\/tags?post=8704"}],"curies":[{"name":"wp","href":"https:\/\/api.w.org\/{rel}","templated":true}]}}