{"id":8766,"date":"2024-07-15T18:46:10","date_gmt":"2024-07-15T16:46:10","guid":{"rendered":"https:\/\/www.tacoandco.fr\/?p=8766"},"modified":"2024-07-15T18:46:11","modified_gmt":"2024-07-15T16:46:11","slug":"les-expositions-photo-poche-les-rencontres-arles-2024","status":"publish","type":"post","link":"https:\/\/www.tacoandco.fr\/en\/blog\/2024\/07\/15\/les-expositions-photo-poche-les-rencontres-arles-2024\/","title":{"rendered":"Les expositions photo poche \/Les Rencontres Arles 2024"},"content":{"rendered":"<p><strong>Le meilleur de la photographie en livre de poche<\/strong>\/ Les Rencontres de la photographie Arles 2024<\/p>\n\n\n\n<p>St\u00e9phane Duroy > Croisi\u00e8re<\/p>\n\n\n\n<p>Photographies au saut du lit > Librairie du M\u00e9jan \/ Galerie JP Capitani<\/p>\n\n\n\n<p>Mary Ellen Mark > Espace Van Gogh<\/p>\n\n\n\n<p>Sophie Calle > Cryptoportiques<\/p>\n\n\n\n<p><strong>Du 1er Juillet au 29 Septembre 2024 \u00e0 Arles<\/strong><\/p>\n\n\n\n<figure class=\"wp-block-image size-large\"><a href=\"https:\/\/www.tacoandco.fr\/wp-content\/uploads\/2024\/07\/phot-poche-portrait-2024.jpg\"><img fetchpriority=\"high\" decoding=\"async\" width=\"576\" height=\"1024\" src=\"https:\/\/www.tacoandco.fr\/wp-content\/uploads\/2024\/07\/phot-poche-portrait-2024-576x1024.jpg\" alt=\"\" class=\"wp-image-8767\" srcset=\"https:\/\/www.tacoandco.fr\/wp-content\/uploads\/2024\/07\/phot-poche-portrait-2024-576x1024.jpg 576w, https:\/\/www.tacoandco.fr\/wp-content\/uploads\/2024\/07\/phot-poche-portrait-2024-169x300.jpg 169w, https:\/\/www.tacoandco.fr\/wp-content\/uploads\/2024\/07\/phot-poche-portrait-2024-768x1366.jpg 768w, https:\/\/www.tacoandco.fr\/wp-content\/uploads\/2024\/07\/phot-poche-portrait-2024-864x1536.jpg 864w, https:\/\/www.tacoandco.fr\/wp-content\/uploads\/2024\/07\/phot-poche-portrait-2024-7x12.jpg 7w, https:\/\/www.tacoandco.fr\/wp-content\/uploads\/2024\/07\/phot-poche-portrait-2024.jpg 899w\" sizes=\"(max-width: 576px) 100vw, 576px\" \/><\/a><\/figure>","protected":false},"excerpt":{"rendered":"<p>Le meilleur de la photographie en livre de poche\/ Les Rencontres de la photographie Arles 2024 St\u00e9phane Duroy > Croisi\u00e8re Photographies au saut du lit > Librairie du M\u00e9jan \/ Galerie JP Capitani Mary Ellen Mark > Espace Van Gogh Sophie Calle > Cryptoportiques Du 1er Juillet au 29 Septembre 2024 \u00e0 Arles<\/p>","protected":false},"author":2,"featured_media":8768,"comment_status":"closed","ping_status":"closed","sticky":false,"template":"","format":"standard","meta":{"footnotes":""},"categories":[3],"tags":[],"class_list":["post-8766","post","type-post","status-publish","format-standard","has-post-thumbnail","hentry","category-actualites","entry","has-media"],"aioseo_notices":[],"_links":{"self":[{"href":"https:\/\/www.tacoandco.fr\/en\/wp-json\/wp\/v2\/posts\/8766","targetHints":{"allow":["GET"]}}],"collection":[{"href":"https:\/\/www.tacoandco.fr\/en\/wp-json\/wp\/v2\/posts"}],"about":[{"href":"https:\/\/www.tacoandco.fr\/en\/wp-json\/wp\/v2\/types\/post"}],"author":[{"embeddable":true,"href":"https:\/\/www.tacoandco.fr\/en\/wp-json\/wp\/v2\/users\/2"}],"replies":[{"embeddable":true,"href":"https:\/\/www.tacoandco.fr\/en\/wp-json\/wp\/v2\/comments?post=8766"}],"version-history":[{"count":1,"href":"https:\/\/www.tacoandco.fr\/en\/wp-json\/wp\/v2\/posts\/8766\/revisions"}],"predecessor-version":[{"id":8769,"href":"https:\/\/www.tacoandco.fr\/en\/wp-json\/wp\/v2\/posts\/8766\/revisions\/8769"}],"wp:featuredmedia":[{"embeddable":true,"href":"https:\/\/www.tacoandco.fr\/en\/wp-json\/wp\/v2\/media\/8768"}],"wp:attachment":[{"href":"https:\/\/www.tacoandco.fr\/en\/wp-json\/wp\/v2\/media?parent=8766"}],"wp:term":[{"taxonomy":"category","embeddable":true,"href":"https:\/\/www.tacoandco.fr\/en\/wp-json\/wp\/v2\/categories?post=8766"},{"taxonomy":"post_tag","embeddable":true,"href":"https:\/\/www.tacoandco.fr\/en\/wp-json\/wp\/v2\/tags?post=8766"}],"curies":[{"name":"wp","href":"https:\/\/api.w.org\/{rel}","templated":true}]}}