{"id":8793,"date":"2024-08-11T12:03:30","date_gmt":"2024-08-11T10:03:30","guid":{"rendered":"https:\/\/www.tacoandco.fr\/?p=8793"},"modified":"2024-09-17T15:03:31","modified_gmt":"2024-09-17T13:03:31","slug":"expo-jf-robert-ce-que-leau-nous-dit-arles-2024","status":"publish","type":"post","link":"https:\/\/www.tacoandco.fr\/en\/blog\/2024\/08\/11\/expo-jf-robert-ce-que-leau-nous-dit-arles-2024\/","title":{"rendered":"Septembre: Expo  JF Robert \u00ab\u00a0Ce que l&rsquo;eau nous dit\u00a0\u00bb Arles 2024"},"content":{"rendered":"<p><strong>Exposition JF Robert \u00ab\u00a0Ce que l&rsquo;eau nous dit\u00a0\u00bb<\/strong> \u00e0 d\u00e9couvrir au <strong>12 Place de la R\u00e9publique<\/strong> \u00e0 Arles<\/p>\n\n\n\n<p>Dans le cadre des Rencontres de la Photographie &#8211; Off &#8211; Arles 2024<\/p>\n\n\n\n<p><strong>A d\u00e9couvrir encore durant tout le mois de Septembre 2024<\/strong><\/p>\n\n\n\n<p>Horaires: 11h-13h \/ 15h30-19h<\/p>\n\n\n\n<p>Plus d&rsquo;infos: <a href=\"https:\/\/jfrobert.com\/\" title=\"\">https:\/\/jfrobert.com\/<\/a><\/p>\n\n\n\n<figure class=\"wp-block-image size-large\"><a href=\"https:\/\/www.tacoandco.fr\/wp-content\/uploads\/2024\/08\/JF-Robert-aout-24-portrait.jpg\"><img fetchpriority=\"high\" decoding=\"async\" width=\"771\" height=\"1024\" src=\"https:\/\/www.tacoandco.fr\/wp-content\/uploads\/2024\/08\/JF-Robert-aout-24-portrait-771x1024.jpg\" alt=\"\" class=\"wp-image-8794\" srcset=\"https:\/\/www.tacoandco.fr\/wp-content\/uploads\/2024\/08\/JF-Robert-aout-24-portrait-771x1024.jpg 771w, https:\/\/www.tacoandco.fr\/wp-content\/uploads\/2024\/08\/JF-Robert-aout-24-portrait-226x300.jpg 226w, https:\/\/www.tacoandco.fr\/wp-content\/uploads\/2024\/08\/JF-Robert-aout-24-portrait-768x1020.jpg 768w, https:\/\/www.tacoandco.fr\/wp-content\/uploads\/2024\/08\/JF-Robert-aout-24-portrait-1157x1536.jpg 1157w, https:\/\/www.tacoandco.fr\/wp-content\/uploads\/2024\/08\/JF-Robert-aout-24-portrait-9x12.jpg 9w, https:\/\/www.tacoandco.fr\/wp-content\/uploads\/2024\/08\/JF-Robert-aout-24-portrait.jpg 1536w\" sizes=\"(max-width: 771px) 100vw, 771px\" \/><\/a><\/figure>","protected":false},"excerpt":{"rendered":"<p>Exposition JF Robert \u00ab\u00a0Ce que l&rsquo;eau nous dit\u00a0\u00bb \u00e0 d\u00e9couvrir au 12 Place de la R\u00e9publique \u00e0 Arles Dans le cadre des Rencontres de la Photographie &#8211; Off &#8211; Arles 2024 A d\u00e9couvrir encore durant tout le mois de Septembre 2024 Horaires: 11h-13h \/ 15h30-19h Plus d&rsquo;infos: https:\/\/jfrobert.com\/<\/p>","protected":false},"author":2,"featured_media":8795,"comment_status":"closed","ping_status":"closed","sticky":true,"template":"","format":"standard","meta":{"footnotes":""},"categories":[3],"tags":[],"class_list":["post-8793","post","type-post","status-publish","format-standard","has-post-thumbnail","hentry","category-actualites","entry","has-media"],"aioseo_notices":[],"_links":{"self":[{"href":"https:\/\/www.tacoandco.fr\/en\/wp-json\/wp\/v2\/posts\/8793","targetHints":{"allow":["GET"]}}],"collection":[{"href":"https:\/\/www.tacoandco.fr\/en\/wp-json\/wp\/v2\/posts"}],"about":[{"href":"https:\/\/www.tacoandco.fr\/en\/wp-json\/wp\/v2\/types\/post"}],"author":[{"embeddable":true,"href":"https:\/\/www.tacoandco.fr\/en\/wp-json\/wp\/v2\/users\/2"}],"replies":[{"embeddable":true,"href":"https:\/\/www.tacoandco.fr\/en\/wp-json\/wp\/v2\/comments?post=8793"}],"version-history":[{"count":3,"href":"https:\/\/www.tacoandco.fr\/en\/wp-json\/wp\/v2\/posts\/8793\/revisions"}],"predecessor-version":[{"id":8840,"href":"https:\/\/www.tacoandco.fr\/en\/wp-json\/wp\/v2\/posts\/8793\/revisions\/8840"}],"wp:featuredmedia":[{"embeddable":true,"href":"https:\/\/www.tacoandco.fr\/en\/wp-json\/wp\/v2\/media\/8795"}],"wp:attachment":[{"href":"https:\/\/www.tacoandco.fr\/en\/wp-json\/wp\/v2\/media?parent=8793"}],"wp:term":[{"taxonomy":"category","embeddable":true,"href":"https:\/\/www.tacoandco.fr\/en\/wp-json\/wp\/v2\/categories?post=8793"},{"taxonomy":"post_tag","embeddable":true,"href":"https:\/\/www.tacoandco.fr\/en\/wp-json\/wp\/v2\/tags?post=8793"}],"curies":[{"name":"wp","href":"https:\/\/api.w.org\/{rel}","templated":true}]}}