{"id":8867,"date":"2024-10-04T10:26:24","date_gmt":"2024-10-04T08:26:24","guid":{"rendered":"https:\/\/www.tacoandco.fr\/?p=8867"},"modified":"2024-10-04T10:26:24","modified_gmt":"2024-10-04T08:26:24","slug":"fondation-van-gogh-arles-expo-la-haute-note-jaune-5-10-242-02-25","status":"publish","type":"post","link":"https:\/\/www.tacoandco.fr\/en\/blog\/2024\/10\/04\/fondation-van-gogh-arles-expo-la-haute-note-jaune-5-10-242-02-25\/","title":{"rendered":"Fondation Van Gogh Arles: expo \u00ab\u00a0La haute note jaune\u00a0\u00bb 5\/10\/24>2\/02\/25"},"content":{"rendered":"<p>La<strong> Fondation Van Gogh<\/strong>, \u00e0 Arles, pr\u00e9sente son exposition<strong> \u00ab\u00a0La haute note jaune\u00a0\u00bb du 5 octobre 2024 au 2 f\u00e9vrier 2025<\/strong>.<\/p>\n\n\n\n<p>La \u00ab haute note jaune \u00bb recherch\u00e9e par Vincent van Gogh et tant d\u2019artistes \u00e0 sa suite explore les limites de l\u2019expressivit\u00e9 et tente de les d\u00e9passer \u2013 que ce soit sur le plan formel ou \u00e9motionnel.<\/p>\n\n\n\n<p>Une exposition th\u00e9matique avec le travail de 22 artistes de g\u00e9n\u00e9rations et d\u2019origines diff\u00e9rentes:<\/p>\n\n\n\n<p><strong>Richard Artschwager, Paul Blanchet dit le Sauvage, Louise Bourgeois, Vittorio Brodmann, Claude Cahun, Nina Childress, Martin Disler, Valie Export, Markus Gadient, Bruno Jakob, Asger Jorn, Martha Jungwirth, Karen Kilimnik, Verena Loewensberg, Albert Oehlen, Thomias Radin, Pipilotti Rist, Klaudia Schifferle, Pierre Schwerzmann, Hyun-Sook Song, Vincent van Gogh, Dominique White<\/strong><\/p>\n\n\n\n<p><strong>Commissaires d\u2019exposition : Bice Curiger et Margaux Bonopera<\/strong><\/p>\n\n\n\n<p>Plus d&rsquo;infos <a href=\"https:\/\/www.fondation-vincentvangogh-arles.org\/exposition\/la-haute-note-jaune\/\" title=\"\">https:\/\/www.fondation-vincentvangogh-arles.org\/exposition\/la-haute-note-jaune\/<\/a><\/p>\n\n\n\n<figure class=\"wp-block-image size-large\"><a href=\"https:\/\/www.tacoandco.fr\/wp-content\/uploads\/2024\/10\/FVG-haute-note-jaune-portrait-oct-24.jpg\"><img fetchpriority=\"high\" decoding=\"async\" width=\"768\" height=\"1024\" src=\"https:\/\/www.tacoandco.fr\/wp-content\/uploads\/2024\/10\/FVG-haute-note-jaune-portrait-oct-24-768x1024.jpg\" alt=\"\" class=\"wp-image-8868\" srcset=\"https:\/\/www.tacoandco.fr\/wp-content\/uploads\/2024\/10\/FVG-haute-note-jaune-portrait-oct-24-768x1024.jpg 768w, https:\/\/www.tacoandco.fr\/wp-content\/uploads\/2024\/10\/FVG-haute-note-jaune-portrait-oct-24-225x300.jpg 225w, https:\/\/www.tacoandco.fr\/wp-content\/uploads\/2024\/10\/FVG-haute-note-jaune-portrait-oct-24-1152x1536.jpg 1152w, https:\/\/www.tacoandco.fr\/wp-content\/uploads\/2024\/10\/FVG-haute-note-jaune-portrait-oct-24-9x12.jpg 9w, https:\/\/www.tacoandco.fr\/wp-content\/uploads\/2024\/10\/FVG-haute-note-jaune-portrait-oct-24.jpg 1200w\" sizes=\"(max-width: 768px) 100vw, 768px\" \/><\/a><\/figure>","protected":false},"excerpt":{"rendered":"<p>La Fondation Van Gogh, \u00e0 Arles, pr\u00e9sente son exposition \u00ab\u00a0La haute note jaune\u00a0\u00bb du 5 octobre 2024 au 2 f\u00e9vrier 2025. La \u00ab haute note jaune \u00bb recherch\u00e9e par Vincent van Gogh et tant d\u2019artistes \u00e0 sa suite explore les limites de l\u2019expressivit\u00e9 et tente de les d\u00e9passer \u2013 que ce soit sur le plan [&hellip;]<\/p>","protected":false},"author":2,"featured_media":8869,"comment_status":"closed","ping_status":"closed","sticky":false,"template":"","format":"standard","meta":{"footnotes":""},"categories":[3],"tags":[],"class_list":["post-8867","post","type-post","status-publish","format-standard","has-post-thumbnail","hentry","category-actualites","entry","has-media"],"aioseo_notices":[],"_links":{"self":[{"href":"https:\/\/www.tacoandco.fr\/en\/wp-json\/wp\/v2\/posts\/8867","targetHints":{"allow":["GET"]}}],"collection":[{"href":"https:\/\/www.tacoandco.fr\/en\/wp-json\/wp\/v2\/posts"}],"about":[{"href":"https:\/\/www.tacoandco.fr\/en\/wp-json\/wp\/v2\/types\/post"}],"author":[{"embeddable":true,"href":"https:\/\/www.tacoandco.fr\/en\/wp-json\/wp\/v2\/users\/2"}],"replies":[{"embeddable":true,"href":"https:\/\/www.tacoandco.fr\/en\/wp-json\/wp\/v2\/comments?post=8867"}],"version-history":[{"count":1,"href":"https:\/\/www.tacoandco.fr\/en\/wp-json\/wp\/v2\/posts\/8867\/revisions"}],"predecessor-version":[{"id":8870,"href":"https:\/\/www.tacoandco.fr\/en\/wp-json\/wp\/v2\/posts\/8867\/revisions\/8870"}],"wp:featuredmedia":[{"embeddable":true,"href":"https:\/\/www.tacoandco.fr\/en\/wp-json\/wp\/v2\/media\/8869"}],"wp:attachment":[{"href":"https:\/\/www.tacoandco.fr\/en\/wp-json\/wp\/v2\/media?parent=8867"}],"wp:term":[{"taxonomy":"category","embeddable":true,"href":"https:\/\/www.tacoandco.fr\/en\/wp-json\/wp\/v2\/categories?post=8867"},{"taxonomy":"post_tag","embeddable":true,"href":"https:\/\/www.tacoandco.fr\/en\/wp-json\/wp\/v2\/tags?post=8867"}],"curies":[{"name":"wp","href":"https:\/\/api.w.org\/{rel}","templated":true}]}}