{"id":9166,"date":"2025-06-12T10:11:36","date_gmt":"2025-06-12T08:11:36","guid":{"rendered":"https:\/\/www.tacoandco.fr\/?p=9166"},"modified":"2025-06-12T10:11:36","modified_gmt":"2025-06-12T08:11:36","slug":"exposition-sigmar-polke-a-la-fondation-van-gogh","status":"publish","type":"post","link":"https:\/\/www.tacoandco.fr\/en\/blog\/2025\/06\/12\/exposition-sigmar-polke-a-la-fondation-van-gogh\/","title":{"rendered":"Exposition Sigmar Polke \u00e0 la Fondation Van Gogh"},"content":{"rendered":"<p>Exposition Sigmar Polke \u00e0 la Fondation Van Gogh \u00e0 Arles<\/p>\n\n\n\n<h2 class=\"wp-block-heading\">SIGMAR POLKE<\/h2>\n\n\n\n<h2 class=\"wp-block-heading\">SOUS LES PAV\u00c9S, LA TERRE.<\/h2>\n\n\n\n<p>sam. 1 mars \u2013 26 oct. 2025<\/p>\n\n\n\n<p>Cette r\u00e9trospective consacr\u00e9e \u00e0 Sigmar Polke (1941\u20132010), la premi\u00e8re en France depuis 2014, invite \u00e0 d\u00e9couvrir ou red\u00e9couvrir l\u2019un des artistes les plus importants et innovants de notre \u00e9poque.<\/p>\n\n\n\n<p>Nous avons rassembl\u00e9 peintures, photographies, estampes, sculptures et films, afin de mettre en lumi\u00e8re l\u2019audace d\u2019un artiste anim\u00e9 par un humour incisif et un go\u00fbt pour l\u2019exp\u00e9rimentation, nourris par un regard toujours critique sur son \u00e9poque.<\/p>\n\n\n\n<p>Deux peintures originales de Van Gogh,&nbsp;<em>Paysan et paysanne plantant des pommes de terre&nbsp;<\/em>et<em>&nbsp;Panier de pommes de terre&nbsp;<\/em>(Nuenen 1885), ouvrent l\u2019exposition.<\/p>\n\n\n\n<p>Commissariat : Bice Curiger, assist\u00e9e de Margaux Bonopera<\/p>\n\n\n\n<p><strong>Infos<\/strong>:<\/p>\n\n\n\n<p><strong>Tous les jours, 10h\u201418h \/ 10\u202fh-18\u202fh<\/strong><br><strong>Derni\u00e8re entr\u00e9e : 17\u202fh\u202f15<\/strong><\/p>\n\n\n\n<p>Fondation Vincent van Gogh Arles<br>35 ter, rue du Docteur-Fanton<br>13200 Arles+33(0)4 88 65 82 93<\/p>\n\n\n\n<p>Plus d&rsquo;infos: <a href=\"https:\/\/www.fondation-vincentvangogh-arles.org\/exposition\/sigmar-polke-sous-les-paves-la-terre\/\" title=\"\">https:\/\/www.fondation-vincentvangogh-arles.org\/exposition\/sigmar-polke-sous-les-paves-la-terre\/<\/a><\/p>\n\n\n\n<figure class=\"wp-block-image size-large\"><a href=\"https:\/\/www.tacoandco.fr\/wp-content\/uploads\/2025\/06\/FVG-Polke-juin-25-bis.jpg\"><img fetchpriority=\"high\" decoding=\"async\" width=\"771\" height=\"1024\" src=\"https:\/\/www.tacoandco.fr\/wp-content\/uploads\/2025\/06\/FVG-Polke-juin-25-bis-771x1024.jpg\" alt=\"\" class=\"wp-image-9167\" srcset=\"https:\/\/www.tacoandco.fr\/wp-content\/uploads\/2025\/06\/FVG-Polke-juin-25-bis-771x1024.jpg 771w, https:\/\/www.tacoandco.fr\/wp-content\/uploads\/2025\/06\/FVG-Polke-juin-25-bis-226x300.jpg 226w, https:\/\/www.tacoandco.fr\/wp-content\/uploads\/2025\/06\/FVG-Polke-juin-25-bis-768x1021.jpg 768w, https:\/\/www.tacoandco.fr\/wp-content\/uploads\/2025\/06\/FVG-Polke-juin-25-bis-1156x1536.jpg 1156w, https:\/\/www.tacoandco.fr\/wp-content\/uploads\/2025\/06\/FVG-Polke-juin-25-bis-9x12.jpg 9w, https:\/\/www.tacoandco.fr\/wp-content\/uploads\/2025\/06\/FVG-Polke-juin-25-bis.jpg 1204w\" sizes=\"(max-width: 771px) 100vw, 771px\" \/><\/a><\/figure>","protected":false},"excerpt":{"rendered":"<p>Exposition Sigmar Polke \u00e0 la Fondation Van Gogh \u00e0 Arles SIGMAR POLKE SOUS LES PAV\u00c9S, LA TERRE. sam. 1 mars \u2013 26 oct. 2025 Cette r\u00e9trospective consacr\u00e9e \u00e0 Sigmar Polke (1941\u20132010), la premi\u00e8re en France depuis 2014, invite \u00e0 d\u00e9couvrir ou red\u00e9couvrir l\u2019un des artistes les plus importants et innovants de notre \u00e9poque. Nous avons [&hellip;]<\/p>","protected":false},"author":2,"featured_media":9168,"comment_status":"closed","ping_status":"closed","sticky":false,"template":"","format":"standard","meta":{"footnotes":""},"categories":[3],"tags":[],"class_list":["post-9166","post","type-post","status-publish","format-standard","has-post-thumbnail","hentry","category-actualites","entry","has-media"],"aioseo_notices":[],"_links":{"self":[{"href":"https:\/\/www.tacoandco.fr\/en\/wp-json\/wp\/v2\/posts\/9166","targetHints":{"allow":["GET"]}}],"collection":[{"href":"https:\/\/www.tacoandco.fr\/en\/wp-json\/wp\/v2\/posts"}],"about":[{"href":"https:\/\/www.tacoandco.fr\/en\/wp-json\/wp\/v2\/types\/post"}],"author":[{"embeddable":true,"href":"https:\/\/www.tacoandco.fr\/en\/wp-json\/wp\/v2\/users\/2"}],"replies":[{"embeddable":true,"href":"https:\/\/www.tacoandco.fr\/en\/wp-json\/wp\/v2\/comments?post=9166"}],"version-history":[{"count":1,"href":"https:\/\/www.tacoandco.fr\/en\/wp-json\/wp\/v2\/posts\/9166\/revisions"}],"predecessor-version":[{"id":9169,"href":"https:\/\/www.tacoandco.fr\/en\/wp-json\/wp\/v2\/posts\/9166\/revisions\/9169"}],"wp:featuredmedia":[{"embeddable":true,"href":"https:\/\/www.tacoandco.fr\/en\/wp-json\/wp\/v2\/media\/9168"}],"wp:attachment":[{"href":"https:\/\/www.tacoandco.fr\/en\/wp-json\/wp\/v2\/media?parent=9166"}],"wp:term":[{"taxonomy":"category","embeddable":true,"href":"https:\/\/www.tacoandco.fr\/en\/wp-json\/wp\/v2\/categories?post=9166"},{"taxonomy":"post_tag","embeddable":true,"href":"https:\/\/www.tacoandco.fr\/en\/wp-json\/wp\/v2\/tags?post=9166"}],"curies":[{"name":"wp","href":"https:\/\/api.w.org\/{rel}","templated":true}]}}