{"id":9220,"date":"2025-08-15T09:05:48","date_gmt":"2025-08-15T07:05:48","guid":{"rendered":"https:\/\/www.tacoandco.fr\/?p=9220"},"modified":"2025-08-15T09:05:48","modified_gmt":"2025-08-15T07:05:48","slug":"agir-pour-le-vivant-2025","status":"publish","type":"post","link":"https:\/\/www.tacoandco.fr\/en\/blog\/2025\/08\/15\/agir-pour-le-vivant-2025\/","title":{"rendered":"Agir pour le vivant 2025"},"content":{"rendered":"<h2 class=\"wp-block-heading\">AGIR POUR LE VIVANT #6 du 23 au 27 ao\u00fbt 2025 \u00e0 Arles<\/h2>\n\n\n\n<p>Agir pour le vivant pr\u00e9sente sa sixi\u00e8me \u00e9dition, \u00e0 Arles, et propose de r\u00e9fl\u00e9chir ensemble \u00e0 une question immense et simple \u00e0 la fois. Que peut l\u2019\u00e9cologie si nous ne voulons pas dispara\u00eetre? Autrement dit, peut-elle nous f\u00e9d\u00e9rer derri\u00e8re un projet de r\u00e9volution sociale qui ne se b\u00e2tisse pas sur les ruines du vivant ?<\/p>\n\n\n\n<p>Programme en ligne ici: <a href=\"https:\/\/agirpourlevivant.fr\/\" title=\"\">https:\/\/agirpourlevivant.fr\/<\/a><\/p>\n\n\n\n<figure class=\"wp-block-image size-large\"><a href=\"https:\/\/www.tacoandco.fr\/wp-content\/uploads\/2025\/08\/APV-25-portrait.jpg\"><img fetchpriority=\"high\" decoding=\"async\" width=\"768\" height=\"1024\" src=\"https:\/\/www.tacoandco.fr\/wp-content\/uploads\/2025\/08\/APV-25-portrait-768x1024.jpg\" alt=\"\" class=\"wp-image-9221\" srcset=\"https:\/\/www.tacoandco.fr\/wp-content\/uploads\/2025\/08\/APV-25-portrait-768x1024.jpg 768w, https:\/\/www.tacoandco.fr\/wp-content\/uploads\/2025\/08\/APV-25-portrait-225x300.jpg 225w, https:\/\/www.tacoandco.fr\/wp-content\/uploads\/2025\/08\/APV-25-portrait-1152x1536.jpg 1152w, https:\/\/www.tacoandco.fr\/wp-content\/uploads\/2025\/08\/APV-25-portrait-9x12.jpg 9w, https:\/\/www.tacoandco.fr\/wp-content\/uploads\/2025\/08\/APV-25-portrait.jpg 1536w\" sizes=\"(max-width: 768px) 100vw, 768px\" \/><\/a><\/figure>","protected":false},"excerpt":{"rendered":"<p>AGIR POUR LE VIVANT #6 du 23 au 27 ao\u00fbt 2025 \u00e0 Arles Agir pour le vivant pr\u00e9sente sa sixi\u00e8me \u00e9dition, \u00e0 Arles, et propose de r\u00e9fl\u00e9chir ensemble \u00e0 une question immense et simple \u00e0 la fois. Que peut l\u2019\u00e9cologie si nous ne voulons pas dispara\u00eetre? Autrement dit, peut-elle nous f\u00e9d\u00e9rer derri\u00e8re un projet de [&hellip;]<\/p>","protected":false},"author":2,"featured_media":9222,"comment_status":"closed","ping_status":"closed","sticky":false,"template":"","format":"standard","meta":{"footnotes":""},"categories":[3],"tags":[],"class_list":["post-9220","post","type-post","status-publish","format-standard","has-post-thumbnail","hentry","category-actualites","entry","has-media"],"aioseo_notices":[],"_links":{"self":[{"href":"https:\/\/www.tacoandco.fr\/en\/wp-json\/wp\/v2\/posts\/9220","targetHints":{"allow":["GET"]}}],"collection":[{"href":"https:\/\/www.tacoandco.fr\/en\/wp-json\/wp\/v2\/posts"}],"about":[{"href":"https:\/\/www.tacoandco.fr\/en\/wp-json\/wp\/v2\/types\/post"}],"author":[{"embeddable":true,"href":"https:\/\/www.tacoandco.fr\/en\/wp-json\/wp\/v2\/users\/2"}],"replies":[{"embeddable":true,"href":"https:\/\/www.tacoandco.fr\/en\/wp-json\/wp\/v2\/comments?post=9220"}],"version-history":[{"count":1,"href":"https:\/\/www.tacoandco.fr\/en\/wp-json\/wp\/v2\/posts\/9220\/revisions"}],"predecessor-version":[{"id":9223,"href":"https:\/\/www.tacoandco.fr\/en\/wp-json\/wp\/v2\/posts\/9220\/revisions\/9223"}],"wp:featuredmedia":[{"embeddable":true,"href":"https:\/\/www.tacoandco.fr\/en\/wp-json\/wp\/v2\/media\/9222"}],"wp:attachment":[{"href":"https:\/\/www.tacoandco.fr\/en\/wp-json\/wp\/v2\/media?parent=9220"}],"wp:term":[{"taxonomy":"category","embeddable":true,"href":"https:\/\/www.tacoandco.fr\/en\/wp-json\/wp\/v2\/categories?post=9220"},{"taxonomy":"post_tag","embeddable":true,"href":"https:\/\/www.tacoandco.fr\/en\/wp-json\/wp\/v2\/tags?post=9220"}],"curies":[{"name":"wp","href":"https:\/\/api.w.org\/{rel}","templated":true}]}}