{"id":9235,"date":"2025-09-16T14:25:12","date_gmt":"2025-09-16T12:25:12","guid":{"rendered":"https:\/\/www.tacoandco.fr\/?p=9235"},"modified":"2025-09-16T14:25:13","modified_gmt":"2025-09-16T12:25:13","slug":"luma-arles-rentree-2025","status":"publish","type":"post","link":"https:\/\/www.tacoandco.fr\/en\/blog\/2025\/09\/16\/luma-arles-rentree-2025\/","title":{"rendered":"Luma Arles rentr\u00e9e 2025"},"content":{"rendered":"<p>Expositions \u00e0 voir ou \u00e0 revoir:<\/p>\n\n\n\n<h1 class=\"wp-block-heading\">Peter Fischli :<br><em>People Planet Profit<\/em><\/h1>\n\n\n\n<p>Parc des Ateliers<br>Les Forges<br>Du&nbsp;&nbsp;05 juillet 2025&nbsp;au&nbsp;&nbsp;11 janvier 2026<\/p>\n\n\n\n<h1 class=\"wp-block-heading\"><em>David Armstrong<\/em><\/h1>\n\n\n\n<p>La Tour<br>Underground, Niveau &#8211; 3<br>\u00c0 partir du&nbsp;&nbsp;05 juillet 2025<\/p>\n\n\n\n<h1 class=\"wp-block-heading\"><em>R\u00eaves fant\u00f4mes<\/em><\/h1>\n\n\n\n<p>La Tour<br>Galerie Principale<br>Du&nbsp;&nbsp;01 mai&nbsp;au&nbsp;&nbsp;02 novembre 2025<\/p>\n\n\n\n<p><\/p>\n\n\n\n<p>Toute la programmation du mois de septembre 2025 est \u00e0 consulter ici: <a href=\"https:\/\/www.luma.org\/arles\/notre-programme.html\" title=\"\">https:\/\/www.luma.org\/arles\/notre-programme.html<\/a><\/p>\n\n\n\n<figure class=\"wp-block-gallery has-nested-images columns-default is-cropped wp-block-gallery-1 is-layout-flex wp-block-gallery-is-layout-flex\">\n<figure class=\"wp-block-image size-large\"><a href=\"https:\/\/www.tacoandco.fr\/wp-content\/uploads\/2025\/09\/Luma-ete-2025-portrait.jpg\"><img fetchpriority=\"high\" decoding=\"async\" width=\"768\" height=\"1024\" data-id=\"9239\" src=\"https:\/\/www.tacoandco.fr\/wp-content\/uploads\/2025\/09\/Luma-ete-2025-portrait-768x1024.jpg\" alt=\"\" class=\"wp-image-9239\" srcset=\"https:\/\/www.tacoandco.fr\/wp-content\/uploads\/2025\/09\/Luma-ete-2025-portrait-768x1024.jpg 768w, https:\/\/www.tacoandco.fr\/wp-content\/uploads\/2025\/09\/Luma-ete-2025-portrait-225x300.jpg 225w, https:\/\/www.tacoandco.fr\/wp-content\/uploads\/2025\/09\/Luma-ete-2025-portrait-1152x1536.jpg 1152w, https:\/\/www.tacoandco.fr\/wp-content\/uploads\/2025\/09\/Luma-ete-2025-portrait-9x12.jpg 9w, https:\/\/www.tacoandco.fr\/wp-content\/uploads\/2025\/09\/Luma-ete-2025-portrait.jpg 1530w\" sizes=\"(max-width: 768px) 100vw, 768px\" \/><\/a><\/figure>\n<\/figure>","protected":false},"excerpt":{"rendered":"<p>Expositions \u00e0 voir ou \u00e0 revoir: Peter Fischli :People Planet Profit Parc des AteliersLes ForgesDu&nbsp;&nbsp;05 juillet 2025&nbsp;au&nbsp;&nbsp;11 janvier 2026 David Armstrong La TourUnderground, Niveau &#8211; 3\u00c0 partir du&nbsp;&nbsp;05 juillet 2025 R\u00eaves fant\u00f4mes La TourGalerie PrincipaleDu&nbsp;&nbsp;01 mai&nbsp;au&nbsp;&nbsp;02 novembre 2025 Toute la programmation du mois de septembre 2025 est \u00e0 consulter ici: https:\/\/www.luma.org\/arles\/notre-programme.html<\/p>","protected":false},"author":2,"featured_media":9237,"comment_status":"closed","ping_status":"closed","sticky":false,"template":"","format":"standard","meta":{"footnotes":""},"categories":[3],"tags":[],"class_list":["post-9235","post","type-post","status-publish","format-standard","has-post-thumbnail","hentry","category-actualites","entry","has-media"],"aioseo_notices":[],"_links":{"self":[{"href":"https:\/\/www.tacoandco.fr\/en\/wp-json\/wp\/v2\/posts\/9235","targetHints":{"allow":["GET"]}}],"collection":[{"href":"https:\/\/www.tacoandco.fr\/en\/wp-json\/wp\/v2\/posts"}],"about":[{"href":"https:\/\/www.tacoandco.fr\/en\/wp-json\/wp\/v2\/types\/post"}],"author":[{"embeddable":true,"href":"https:\/\/www.tacoandco.fr\/en\/wp-json\/wp\/v2\/users\/2"}],"replies":[{"embeddable":true,"href":"https:\/\/www.tacoandco.fr\/en\/wp-json\/wp\/v2\/comments?post=9235"}],"version-history":[{"count":1,"href":"https:\/\/www.tacoandco.fr\/en\/wp-json\/wp\/v2\/posts\/9235\/revisions"}],"predecessor-version":[{"id":9240,"href":"https:\/\/www.tacoandco.fr\/en\/wp-json\/wp\/v2\/posts\/9235\/revisions\/9240"}],"wp:featuredmedia":[{"embeddable":true,"href":"https:\/\/www.tacoandco.fr\/en\/wp-json\/wp\/v2\/media\/9237"}],"wp:attachment":[{"href":"https:\/\/www.tacoandco.fr\/en\/wp-json\/wp\/v2\/media?parent=9235"}],"wp:term":[{"taxonomy":"category","embeddable":true,"href":"https:\/\/www.tacoandco.fr\/en\/wp-json\/wp\/v2\/categories?post=9235"},{"taxonomy":"post_tag","embeddable":true,"href":"https:\/\/www.tacoandco.fr\/en\/wp-json\/wp\/v2\/tags?post=9235"}],"curies":[{"name":"wp","href":"https:\/\/api.w.org\/{rel}","templated":true}]}}