{"id":930,"date":"2011-03-07T10:08:00","date_gmt":"2011-03-07T10:08:00","guid":{"rendered":"http:\/\/www.tacoandco.fr\/?p=930"},"modified":"2011-03-07T10:08:24","modified_gmt":"2011-03-07T10:08:24","slug":"taco-and-co-sur-france-3-le-5-mars-2011","status":"publish","type":"post","link":"https:\/\/www.tacoandco.fr\/en\/blog\/2011\/03\/07\/taco-and-co-sur-france-3-le-5-mars-2011\/","title":{"rendered":"Taco and Co vu sur France 3 le 5 Mars 2011"},"content":{"rendered":"<p>France 3 a consacr\u00e9 son \u00e9mission du 5 Mars \u00ab\u00a0Prioriterre\u00a0\u00bb \u00e0 un weekend eco-insolite sur Arles.<\/p>\n<p>On y d\u00e9couvre ainsi Le Boatel ainsi que Taco and Co.<\/p>\n<p>Visionnez la vid\u00e9o en cliquant sur ce lien:<\/p>\n<p><a href=\"http:\/\/provence-alpes.france3.fr\/prioriterre\/index.php?page=article&amp;numsite=1565&amp;id_rubrique=7007&amp;id_article=18863\" target=\"_blank\">http:\/\/provence-alpes.france3.fr\/prioriterre\/index.php?page=article&amp;numsite=1565&amp;id_rubrique=7007&amp;id_article=18863 <\/a><\/p>","protected":false},"excerpt":{"rendered":"<p>France 3 a consacr\u00e9 son \u00e9mission du 5 Mars \u00ab\u00a0Prioriterre\u00a0\u00bb \u00e0 un weekend eco-insolite sur Arles. On y d\u00e9couvre ainsi Le Boatel ainsi que Taco and Co. Visionnez la vid\u00e9o en cliquant sur ce lien: http:\/\/provence-alpes.france3.fr\/prioriterre\/index.php?page=article&amp;numsite=1565&amp;id_rubrique=7007&amp;id_article=18863<\/p>","protected":false},"author":2,"featured_media":0,"comment_status":"closed","ping_status":"closed","sticky":false,"template":"","format":"standard","meta":{"footnotes":""},"categories":[23,6,7],"tags":[],"class_list":["post-930","post","type-post","status-publish","format-standard","hentry","category-ilsparlentdenous","category-presse","category-presse-video","entry"],"aioseo_notices":[],"_links":{"self":[{"href":"https:\/\/www.tacoandco.fr\/en\/wp-json\/wp\/v2\/posts\/930","targetHints":{"allow":["GET"]}}],"collection":[{"href":"https:\/\/www.tacoandco.fr\/en\/wp-json\/wp\/v2\/posts"}],"about":[{"href":"https:\/\/www.tacoandco.fr\/en\/wp-json\/wp\/v2\/types\/post"}],"author":[{"embeddable":true,"href":"https:\/\/www.tacoandco.fr\/en\/wp-json\/wp\/v2\/users\/2"}],"replies":[{"embeddable":true,"href":"https:\/\/www.tacoandco.fr\/en\/wp-json\/wp\/v2\/comments?post=930"}],"version-history":[{"count":0,"href":"https:\/\/www.tacoandco.fr\/en\/wp-json\/wp\/v2\/posts\/930\/revisions"}],"wp:attachment":[{"href":"https:\/\/www.tacoandco.fr\/en\/wp-json\/wp\/v2\/media?parent=930"}],"wp:term":[{"taxonomy":"category","embeddable":true,"href":"https:\/\/www.tacoandco.fr\/en\/wp-json\/wp\/v2\/categories?post=930"},{"taxonomy":"post_tag","embeddable":true,"href":"https:\/\/www.tacoandco.fr\/en\/wp-json\/wp\/v2\/tags?post=930"}],"curies":[{"name":"wp","href":"https:\/\/api.w.org\/{rel}","templated":true}]}}