{"id":947,"date":"2011-03-12T10:41:00","date_gmt":"2011-03-12T10:41:00","guid":{"rendered":"http:\/\/www.tacoandco.fr\/?p=947"},"modified":"2011-03-12T10:17:48","modified_gmt":"2011-03-12T10:17:48","slug":"fete-du-printemps-a-arles-le-samedi-19-mars-2011","status":"publish","type":"post","link":"https:\/\/www.tacoandco.fr\/en\/blog\/2011\/03\/12\/fete-du-printemps-a-arles-le-samedi-19-mars-2011\/","title":{"rendered":"F\u00eate du Printemps \u00e0 Arles le Samedi 19 Mars 2011"},"content":{"rendered":"<p>Le groupement des associations de commer\u00e7ants d&rsquo;Arles et Taco and Co vous invite \u00e0 la f\u00eate du Printemps qui aura lieu le Samedi 19 Mars dans le centre ville d&rsquo;Arles.<\/p>\n<figure id=\"attachment_948\" aria-describedby=\"caption-attachment-948\" style=\"width: 215px\" class=\"wp-caption aligncenter\"><a href=\"http:\/\/www.tacoandco.fr\/wp-content\/uploads\/2011\/03\/AFFICHE-2011-800x600.jpg\"><img fetchpriority=\"high\" decoding=\"async\" class=\"size-medium wp-image-948\" title=\" F\u00eate du printemps 2011 Arles\" src=\"http:\/\/www.tacoandco.fr\/wp-content\/uploads\/2011\/03\/AFFICHE-2011-800x600-215x300.jpg\" alt=\"F\u00eate du printemps 2011 Arles\" width=\"215\" height=\"300\" srcset=\"https:\/\/www.tacoandco.fr\/wp-content\/uploads\/2011\/03\/AFFICHE-2011-800x600-215x300.jpg 215w, https:\/\/www.tacoandco.fr\/wp-content\/uploads\/2011\/03\/AFFICHE-2011-800x600.jpg 575w\" sizes=\"(max-width: 215px) 100vw, 215px\" \/><\/a><figcaption id=\"caption-attachment-948\" class=\"wp-caption-text\">F\u00eate du printemps 2011 Arles<\/figcaption><\/figure>\n<p>D&rsquo;une place \u00e0 l&rsquo;autre, d&rsquo;un quartier \u00e0 l&rsquo;autre, venez nombreux d\u00e9couvrir en famille \u00a0les ateliers, \u00a0expositions et \u00a0nouvelles \u00a0collections propos\u00e9s par les associations et les\u00a0professionnels.<\/p>\n<p>D\u00e9gustations, d\u00e9couvertes et surprises en tout genre vous serons propos\u00e9s dans les rues du centre ville color\u00e9es pour l&rsquo;occasion.<\/p>\n<p>Pour toute information ou r\u00e9servation, n&rsquo;h\u00e9sitez pas \u00e0 nous contacter au 0650296000 ou nous \u00e9crire ci-dessous:<\/p>\n<p><!--cforms name=\"Contact\"--><\/p>","protected":false},"excerpt":{"rendered":"<p>Le groupement des associations de commer\u00e7ants d&rsquo;Arles et Taco and Co vous invite \u00e0 la f\u00eate du Printemps qui aura lieu le Samedi 19 Mars dans le centre ville d&rsquo;Arles. D&rsquo;une place \u00e0 l&rsquo;autre, d&rsquo;un quartier \u00e0 l&rsquo;autre, venez nombreux d\u00e9couvrir en famille \u00a0les ateliers, \u00a0expositions et \u00a0nouvelles \u00a0collections propos\u00e9s par les associations et les\u00a0professionnels. [&hellip;]<\/p>","protected":false},"author":2,"featured_media":948,"comment_status":"closed","ping_status":"closed","sticky":false,"template":"","format":"standard","meta":{"footnotes":""},"categories":[4,3,16,15],"tags":[],"class_list":["post-947","post","type-post","status-publish","format-standard","has-post-thumbnail","hentry","category-accueil","category-actualites","category-agendaarles","category-liensutiles","entry","has-media"],"aioseo_notices":[],"_links":{"self":[{"href":"https:\/\/www.tacoandco.fr\/en\/wp-json\/wp\/v2\/posts\/947","targetHints":{"allow":["GET"]}}],"collection":[{"href":"https:\/\/www.tacoandco.fr\/en\/wp-json\/wp\/v2\/posts"}],"about":[{"href":"https:\/\/www.tacoandco.fr\/en\/wp-json\/wp\/v2\/types\/post"}],"author":[{"embeddable":true,"href":"https:\/\/www.tacoandco.fr\/en\/wp-json\/wp\/v2\/users\/2"}],"replies":[{"embeddable":true,"href":"https:\/\/www.tacoandco.fr\/en\/wp-json\/wp\/v2\/comments?post=947"}],"version-history":[{"count":0,"href":"https:\/\/www.tacoandco.fr\/en\/wp-json\/wp\/v2\/posts\/947\/revisions"}],"wp:featuredmedia":[{"embeddable":true,"href":"https:\/\/www.tacoandco.fr\/en\/wp-json\/wp\/v2\/media\/948"}],"wp:attachment":[{"href":"https:\/\/www.tacoandco.fr\/en\/wp-json\/wp\/v2\/media?parent=947"}],"wp:term":[{"taxonomy":"category","embeddable":true,"href":"https:\/\/www.tacoandco.fr\/en\/wp-json\/wp\/v2\/categories?post=947"},{"taxonomy":"post_tag","embeddable":true,"href":"https:\/\/www.tacoandco.fr\/en\/wp-json\/wp\/v2\/tags?post=947"}],"curies":[{"name":"wp","href":"https:\/\/api.w.org\/{rel}","templated":true}]}}